{"id":103205,"date":"2025-04-27T06:00:00","date_gmt":"2025-04-27T09:00:00","guid":{"rendered":"https:\/\/tvc16.com\/portal\/?p=103205"},"modified":"2025-04-26T13:21:06","modified_gmt":"2025-04-26T16:21:06","slug":"prefeitura-lanca-edital-da-cultura-com-r-133-mil-de-recursos-para-cinco-categorias","status":"publish","type":"post","link":"https:\/\/tvc16.com\/portal\/2025\/04\/27\/prefeitura-lanca-edital-da-cultura-com-r-133-mil-de-recursos-para-cinco-categorias\/","title":{"rendered":"Prefeitura lan\u00e7a edital da Cultura com R$ 133 mil de recursos para cinco categorias"},"content":{"rendered":"\n<p><em>O edital Novas Linhas, traz recursos remanescentes da Pol\u00edtica Nacional Aldir Blanc<\/em><\/p>\n\n\n\n<p>A Prefeitura de Petr\u00f3polis, por meio do Instituto Municipal de Cultura &#8211; IMC, lan\u00e7ou, nesta sexta-feira (25), o edital Novas Linhas, que traz R$ 133 mil reais em recursos financiar projetos em cinco categorias da Cultura na cidade: capoeira, gastronomia, artesanato e literatura atrav\u00e9s da conta\u00e7\u00e3o de hist\u00f3rias.<\/p>\n\n\n\n<p>\u201cRecentemente, entregamos mais de 530 mil reais em cheques, com valores entre 10 mil e 50 mil reais, para 21 projetos que foram contemplados com editais da Cultura. Agora a gente estende e lan\u00e7a mais um edital, para beneficiar outras categorias que ficaram de fora do edital anterior. Um dos pontos importantes da nossa gest\u00e3o \u00e9 a valoriza\u00e7\u00e3o da Cultura na nossa cidade. Primeiro, por conta do papel da arte em levar a reflex\u00e3o, na forma\u00e7\u00e3o de uma sociedade. Segundo, porque gera emprego e renda\u201d, destaca o prefeito Hingo Hammes.<\/p>\n\n\n\n<p>Os recursos s\u00e3o provenientes de valores financeiros remanescentes da Pol\u00edtica Nacional Aldir Blanc &#8211; PNAB de fomento \u00e0 cultura. Esta lei de financiamento \u00e9 destinada \u00e0 sociedade civil e visa o respeito \u00e0 diversidade, \u00e0 democratiza\u00e7\u00e3o e \u00e0 universaliza\u00e7\u00e3o do acesso \u00e0 cultura.<\/p>\n\n\n\n<p>\u201cA PNAB \u00e9 uma importante ferramenta do governo federal de fomento \u00e0 cultura. Quando assumimos a gest\u00e3o do IMC, vimos que parte da verba que tinha sido destinada \u00e0 editais de fomento \u00e0 cultura na cidade ia se perder, sem que fosse utilizado de fato para o fomento da arte na nossa cidade. Debatemos essa quest\u00e3o no Conselho de Cultura e foi un\u00e2nime a aprova\u00e7\u00e3o da abertura de um novo edital para contemplar aquelas categorias que tinham ficado de fora do edital anterior. Incluindo a Capoeira, que recentemente ganhou uma cadeira no Conselho de Cultura. Este \u00e9 o primeiro edital de muitos que pretendemos lan\u00e7ar ainda este ano\u201d, afirma o presidente do IMC, Adenilson Honorato.<\/p>\n\n\n\n<p>No edital Novas Linhas, pode se inscrever qualquer proponente domiciliado ou sediado no Munic\u00edpio de Petr\u00f3polis por, pelo menos dois anos. \u201cProponente&#8221; \u00e9 o termo utilizado para a pessoa que se encarrega de submeter uma proposta cultural. Ou seja, todo agente, ou grupo de agentes, respons\u00e1vel por criar, produzir e promover manifesta\u00e7\u00f5es culturais, como artistas, m\u00fasicos, escritores, cineastas, dan\u00e7arinos, artes\u00e3os, curadores, produtores culturais, gestores de espa\u00e7os culturais, entre outros. O proponente do edital \u201cNovas Linhas\u201d pode ser Pessoa F\u00edsica ou Pessoa Jur\u00eddica.<\/p>\n\n\n\n<pre class=\"wp-block-code\"><code>As inscri\u00e7\u00f5es poder\u00e3o ser realizadas at\u00e9 o dia 9 de maio no site da prefeitura atrav\u00e9s do link: https:\/\/web2.petropolis.rj.gov.br\/imc\/funcultura <\/code><\/pre>\n","protected":false},"excerpt":{"rendered":"<p>O edital Novas Linhas, traz recursos remanescentes da Pol\u00edtica Nacional Aldir Blanc A Prefeitura de<\/p>\n","protected":false},"author":2,"featured_media":91165,"comment_status":"open","ping_status":"open","sticky":false,"template":"","format":"standard","meta":{"footnotes":""},"categories":[12],"tags":[],"class_list":["post-103205","post","type-post","status-publish","format-standard","has-post-thumbnail","hentry","category-cidade"],"_links":{"self":[{"href":"https:\/\/tvc16.com\/portal\/wp-json\/wp\/v2\/posts\/103205","targetHints":{"allow":["GET"]}}],"collection":[{"href":"https:\/\/tvc16.com\/portal\/wp-json\/wp\/v2\/posts"}],"about":[{"href":"https:\/\/tvc16.com\/portal\/wp-json\/wp\/v2\/types\/post"}],"author":[{"embeddable":true,"href":"https:\/\/tvc16.com\/portal\/wp-json\/wp\/v2\/users\/2"}],"replies":[{"embeddable":true,"href":"https:\/\/tvc16.com\/portal\/wp-json\/wp\/v2\/comments?post=103205"}],"version-history":[{"count":1,"href":"https:\/\/tvc16.com\/portal\/wp-json\/wp\/v2\/posts\/103205\/revisions"}],"predecessor-version":[{"id":103206,"href":"https:\/\/tvc16.com\/portal\/wp-json\/wp\/v2\/posts\/103205\/revisions\/103206"}],"wp:featuredmedia":[{"embeddable":true,"href":"https:\/\/tvc16.com\/portal\/wp-json\/wp\/v2\/media\/91165"}],"wp:attachment":[{"href":"https:\/\/tvc16.com\/portal\/wp-json\/wp\/v2\/media?parent=103205"}],"wp:term":[{"taxonomy":"category","embeddable":true,"href":"https:\/\/tvc16.com\/portal\/wp-json\/wp\/v2\/categories?post=103205"},{"taxonomy":"post_tag","embeddable":true,"href":"https:\/\/tvc16.com\/portal\/wp-json\/wp\/v2\/tags?post=103205"}],"curies":[{"name":"wp","href":"https:\/\/api.w.org\/{rel}","templated":true}]}}