{"id":103207,"date":"2025-04-27T09:34:32","date_gmt":"2025-04-27T12:34:32","guid":{"rendered":"https:\/\/tvc16.com\/portal\/?p=103207"},"modified":"2025-04-27T09:34:32","modified_gmt":"2025-04-27T12:34:32","slug":"abril-verde-secretaria-de-saude-promove-acao-pela-saude-do-trabalhador-no-centro-administrativo-da-prefeitura-de-petropolis","status":"publish","type":"post","link":"https:\/\/tvc16.com\/portal\/2025\/04\/27\/abril-verde-secretaria-de-saude-promove-acao-pela-saude-do-trabalhador-no-centro-administrativo-da-prefeitura-de-petropolis\/","title":{"rendered":"ABRIL VERDE &#8211; Secretaria de Sa\u00fade promove a\u00e7\u00e3o pela sa\u00fade do trabalhador no Centro Administrativo da Prefeitura de Petr\u00f3polis"},"content":{"rendered":"\n<p>A Prefeitura de Petr\u00f3polis, atrav\u00e9s da Secretaria Municipal de Sa\u00fade, promoveu nesta sexta-feira (25) uma a\u00e7\u00e3o pela sa\u00fade do trabalhador no Centro Administrativo Frei Moser, localizado no Hipershopping. O evento foi realizado pelo N\u00facleo de Medicina do Trabalho em alus\u00e3o ao \u201cAbril Verde\u201d, campanha nacional de conscientiza\u00e7\u00e3o sobre seguran\u00e7a e sa\u00fade no trabalho. A a\u00e7\u00e3o contou ainda com a parceria do Instituto Jesus Monteiro, do Centro de Refer\u00eancia em Sa\u00fade do Trabalhador Serrana II (Cerest) e das \u00c1reas T\u00e9cnicas da Sa\u00fade.<br>\u201cCuidar da sa\u00fade no ambiente de trabalho \u00e9 um compromisso do nosso governo e a\u00e7\u00f5es como esta, al\u00e9m de monitorar a sa\u00fade dos nossos servidores, tamb\u00e9m trazem informa\u00e7\u00f5es para garantir a qualidade de vida desses trabalhadores\u201d, comentou o prefeito Hingo Hammes.<\/p>\n\n\n\n<p>Servidores de diversas secretarias do munic\u00edpio receberam orienta\u00e7\u00f5es nutricionais e de preven\u00e7\u00e3o \u00e0 hipertens\u00e3o arterial e diabetes. Os trabalhadores tamb\u00e9m tiveram orienta\u00e7\u00f5es sobre a import\u00e2ncia de deixar o tabagismo. Profissionais de sa\u00fade verificaram o \u00cdndice de Massa Corporal (IMC) dos servidores, que tiveram ainda sess\u00f5es de relaxamento e bem-estar com massoterapia e aromaterapia.<\/p>\n\n\n\n<p>\u201cAgrade\u00e7o o empenho da nossa equipe de sa\u00fade e a parceria com o Instituto Jesus Monteiro e o Cerest. \u00c9 muito importante garantir a sa\u00fade dos nossos servidores e a seguran\u00e7a no ambiente de trabalho\u201d, comentou o Secret\u00e1rio de Sa\u00fade, Lu\u00eds Cruzick.<\/p>\n\n\n\n<p>O Instituto Jesus Monteiro realizou aferi\u00e7\u00e3o de press\u00e3o arterial e testes de glicemia capilar, ampliando o cuidado com a sa\u00fade cardiovascular e metab\u00f3lica&nbsp;dos&nbsp;servidores.<\/p>\n","protected":false},"excerpt":{"rendered":"<p>A Prefeitura de Petr\u00f3polis, atrav\u00e9s da Secretaria Municipal de Sa\u00fade, promoveu nesta sexta-feira (25) uma<\/p>\n","protected":false},"author":2,"featured_media":103208,"comment_status":"open","ping_status":"open","sticky":false,"template":"","format":"standard","meta":{"footnotes":""},"categories":[12],"tags":[],"class_list":["post-103207","post","type-post","status-publish","format-standard","has-post-thumbnail","hentry","category-cidade"],"_links":{"self":[{"href":"https:\/\/tvc16.com\/portal\/wp-json\/wp\/v2\/posts\/103207","targetHints":{"allow":["GET"]}}],"collection":[{"href":"https:\/\/tvc16.com\/portal\/wp-json\/wp\/v2\/posts"}],"about":[{"href":"https:\/\/tvc16.com\/portal\/wp-json\/wp\/v2\/types\/post"}],"author":[{"embeddable":true,"href":"https:\/\/tvc16.com\/portal\/wp-json\/wp\/v2\/users\/2"}],"replies":[{"embeddable":true,"href":"https:\/\/tvc16.com\/portal\/wp-json\/wp\/v2\/comments?post=103207"}],"version-history":[{"count":1,"href":"https:\/\/tvc16.com\/portal\/wp-json\/wp\/v2\/posts\/103207\/revisions"}],"predecessor-version":[{"id":103209,"href":"https:\/\/tvc16.com\/portal\/wp-json\/wp\/v2\/posts\/103207\/revisions\/103209"}],"wp:featuredmedia":[{"embeddable":true,"href":"https:\/\/tvc16.com\/portal\/wp-json\/wp\/v2\/media\/103208"}],"wp:attachment":[{"href":"https:\/\/tvc16.com\/portal\/wp-json\/wp\/v2\/media?parent=103207"}],"wp:term":[{"taxonomy":"category","embeddable":true,"href":"https:\/\/tvc16.com\/portal\/wp-json\/wp\/v2\/categories?post=103207"},{"taxonomy":"post_tag","embeddable":true,"href":"https:\/\/tvc16.com\/portal\/wp-json\/wp\/v2\/tags?post=103207"}],"curies":[{"name":"wp","href":"https:\/\/api.w.org\/{rel}","templated":true}]}}