{"id":10321,"date":"2021-02-12T08:20:00","date_gmt":"2021-02-12T11:20:00","guid":{"rendered":"https:\/\/tvc16.com\/portal\/?p=10321"},"modified":"2021-02-11T21:22:24","modified_gmt":"2021-02-12T00:22:24","slug":"exposicao-celebra-o-encontro-das-artes-moderna-e-contemporanea-na-casa-de-petropolis","status":"publish","type":"post","link":"https:\/\/tvc16.com\/portal\/2021\/02\/12\/exposicao-celebra-o-encontro-das-artes-moderna-e-contemporanea-na-casa-de-petropolis\/","title":{"rendered":"Exposi\u00e7\u00e3o celebra o encontro das artes moderna e contempor\u00e2nea na Casa de Petr\u00f3polis"},"content":{"rendered":"\n<p>Espa\u00e7o que fica na Avenida Ipiranga abriga mostra intitulada \u201cXIX, XX, XXI\u201d que re\u00fane tr\u00eas gera\u00e7\u00f5es de artistas consagrados<\/p>\n\n\n\n<p>Um verdadeiro encontro entre as artes modernas e contempor\u00e2nea pode ser conferido at\u00e9 o m\u00eas de maio na Casa de Petr\u00f3polis. O espa\u00e7o que fica na Avenida Ipiranga est\u00e1 abrigando a mostra intitulada \u201cXIX, XX, XXI\u201d que re\u00fane tr\u00eas gera\u00e7\u00f5es de artistas consagrados nacional e mundialmente, criando uma ponte entre passado, presente e futuro. A exposi\u00e7\u00e3o marca a reabertura do casar\u00e3o hist\u00f3rico ao p\u00fablico e faz parte do roteiro da visita\u00e7\u00e3o ao espa\u00e7o.<\/p>\n\n\n\n<figure class=\"wp-block-image size-large\"><img loading=\"lazy\" decoding=\"async\" width=\"715\" height=\"1024\" src=\"https:\/\/tvc16.com\/portal\/wp-content\/uploads\/2021\/02\/WhatsApp-Image-2021-02-11-at-18.50.45-715x1024.jpeg\" alt=\"\" class=\"wp-image-10322\" srcset=\"https:\/\/tvc16.com\/portal\/wp-content\/uploads\/2021\/02\/WhatsApp-Image-2021-02-11-at-18.50.45-715x1024.jpeg 715w, https:\/\/tvc16.com\/portal\/wp-content\/uploads\/2021\/02\/WhatsApp-Image-2021-02-11-at-18.50.45-210x300.jpeg 210w, https:\/\/tvc16.com\/portal\/wp-content\/uploads\/2021\/02\/WhatsApp-Image-2021-02-11-at-18.50.45-768x1100.jpeg 768w, https:\/\/tvc16.com\/portal\/wp-content\/uploads\/2021\/02\/WhatsApp-Image-2021-02-11-at-18.50.45.jpeg 894w\" sizes=\"auto, (max-width: 715px) 100vw, 715px\" \/><\/figure>\n\n\n\n<p><br>A mostra apresenta obras de artistas de import\u00e2ncia hist\u00f3rica para as artes pl\u00e1sticas, sendo alguns moradores de Petr\u00f3polis. Essas obras, que normalmente s\u00f3 podiam ser vistas no ateli\u00ea do artista Luiz Aquila, idealizador da exposi\u00e7\u00e3o, est\u00e3o acess\u00edveis ao p\u00fablico na exposi\u00e7\u00e3o presencial, respeitando todos os protocolos de seguran\u00e7a sanit\u00e1ria da pandemia.<\/p>\n\n\n\n<p><br>A exposi\u00e7\u00e3o apresenta duas gravuras de Roberto Burle Marx, grande nome do paisagismo brasileiro, mas reconhecido internacionalmente como um artista m\u00faltiplo. De Beatriz Milhazes, o p\u00fablico poder\u00e1 conferir sua \u00fanica escultura, com forma recorrente na obra da artista dos anos 1980. Dessa d\u00e9cada, tamb\u00e9m est\u00e3o trabalhos da primeira fase de Daniel Senise e uma obra de Claudio Kuperman, ambas pinturas sobre papel.<\/p>\n\n\n\n<p><br>Djanira, artista exponencial do modernismo, utilizou em sua obra cenas brasileiras e tamb\u00e9m assuntos religiosos, como o \u201cAnjo da Paz\u201d que faz parte da exposi\u00e7\u00e3o: pintura sobre papel, realizada na d\u00e9cada de 1950, em plena Guerra Fria. A artista chegou a morar em Petr\u00f3polis, muitos anos depois de realizar o impactante painel, localizado no Liceu Municipal, sobre as atividades produtivas em Petr\u00f3polis.<\/p>\n\n\n\n<p><br>J\u00e1 a imagem da serigrafia de Lauro Cavalcanti, que tamb\u00e9m comp\u00f5e a mostra, foi usada inicialmente como capa da publica\u00e7\u00e3o &#8220;Arquitetura Kitsch Suburbana e Rural&#8221;. O artista tamb\u00e9m assina o texto de apresenta\u00e7\u00e3o da exposi\u00e7\u00e3o XIX, XX, XXI.<\/p>\n\n\n\n<p><br>Tamb\u00e9m est\u00e3o expostas obras de outros artistas residentes em Petr\u00f3polis, como o escultor Marcelo Lago, com uma pe\u00e7a composta de cilindros azuis, em v\u00e1rias dire\u00e7\u00f5es, em contraste com a sala dourada do s\u00e9culo XIX. Na mesma sala, cer\u00e2micas l\u00fadicas de Bel Figueira e Melo. Na sala de M\u00fasica, obras da pintora e ceramista Ana Rondon e fotografias de Antonia Dias Leite.<\/p>\n\n\n\n<p><br>Al\u00e9m desses artistas, obras de Adriano Mangiavacchi, Alcides da Rocha Miranda, Jeannette Priolli, John Nicholson, Julia Miranda, Luiz Aquila, Maciej Babinski e Nelson Maravalhas podem ser vistas na mostra \u201cXIX, XX, XXI\u201d. A exposi\u00e7\u00e3o conta ainda com obras de Athos Bulc\u00e3o, conhecido pelos seus pain\u00e9is monumentais e sua pintura.<\/p>\n\n\n\n<p><br>\u201cSou colecionador por acaso. Como artista, fui presenteado com obras de meus colegas assim como tamb\u00e9m adquiri algumas\u201d, conta Luiz Aquila, acrescentando que para ele \u00e9 uma alegria poder dividir com o p\u00fablico sua cole\u00e7\u00e3o de uma maneira ainda mais especial sendo no casar\u00e3o que pertenceu a seu bisav\u00f3 e sua av\u00f3. \u201cEste \u00e9 um local onde passei os melhores dias de f\u00e9rias da minha inf\u00e2ncia\u201d, lembra o artista.<\/p>\n\n\n\n<p><br>Segundo Rachel Wider, diretora executiva da Casa de Petr\u00f3polis Instituto de Cultura, a ideia \u00e9 que o local seja mais do que um museu, mas sim um ambiente em que o petropolitano e o turista possa frequentar, seja para ver as exposi\u00e7\u00f5es, assistir aos concertos ou at\u00e9 mesmo para curtir o belo jardim. Em apenas dois meses mais de 2 mil pessoas j\u00e1 visitaram o espa\u00e7o, de acordo com Rachel. O ambiente segue todos os protocolos de seguran\u00e7a contra a covid-19.<br><\/p>\n\n\n\n<p>\u201cA Casa est\u00e1 passando por um per\u00edodo de renova\u00e7\u00e3o para poder preservar suas mem\u00f3rias material e imaterial, contemplando visitas ao interior, exposi\u00e7\u00f5es hist\u00f3ricas, atividades culturais, contribuindo n\u00e3o s\u00f3 para o turismo da cidade como tamb\u00e9m para oferecer uma programa\u00e7\u00e3o de qualidade\u201d, diz Rachel.<\/p>\n\n\n\n<p><br>Quem quiser mais informa\u00e7\u00f5es sobre a agenda cultural do espa\u00e7o pode acessar os perfis \u201cCultura Casa de Petr\u00f3polis\u201d no Facebook e Instagram.<\/p>\n\n\n\n<p>Servi\u00e7o:<br>Exposi\u00e7\u00e3o XIX, XX, XXI<br>Data: at\u00e9 31 de maio de 2021<br>Hor\u00e1rios: Quarta a domingo, das 10h \u00e0s 16h (ter\u00e7as-feiras mediante agendamento pelo culturacasadepetropolis@gmail.com)<br>Endere\u00e7o: Av. Ipiranga, 716, Centro Hist\u00f3rico \u2013 Petr\u00f3polis-RJ<br>Ingressos: R$10 inteira \/ R$5 inteira<\/p>\n","protected":false},"excerpt":{"rendered":"<p>Espa\u00e7o que fica na Avenida Ipiranga abriga mostra intitulada \u201cXIX, XX, XXI\u201d que re\u00fane tr\u00eas<\/p>\n","protected":false},"author":2,"featured_media":10323,"comment_status":"open","ping_status":"open","sticky":false,"template":"","format":"standard","meta":{"footnotes":""},"categories":[12],"tags":[],"class_list":["post-10321","post","type-post","status-publish","format-standard","has-post-thumbnail","hentry","category-cidade"],"_links":{"self":[{"href":"https:\/\/tvc16.com\/portal\/wp-json\/wp\/v2\/posts\/10321","targetHints":{"allow":["GET"]}}],"collection":[{"href":"https:\/\/tvc16.com\/portal\/wp-json\/wp\/v2\/posts"}],"about":[{"href":"https:\/\/tvc16.com\/portal\/wp-json\/wp\/v2\/types\/post"}],"author":[{"embeddable":true,"href":"https:\/\/tvc16.com\/portal\/wp-json\/wp\/v2\/users\/2"}],"replies":[{"embeddable":true,"href":"https:\/\/tvc16.com\/portal\/wp-json\/wp\/v2\/comments?post=10321"}],"version-history":[{"count":1,"href":"https:\/\/tvc16.com\/portal\/wp-json\/wp\/v2\/posts\/10321\/revisions"}],"predecessor-version":[{"id":10324,"href":"https:\/\/tvc16.com\/portal\/wp-json\/wp\/v2\/posts\/10321\/revisions\/10324"}],"wp:featuredmedia":[{"embeddable":true,"href":"https:\/\/tvc16.com\/portal\/wp-json\/wp\/v2\/media\/10323"}],"wp:attachment":[{"href":"https:\/\/tvc16.com\/portal\/wp-json\/wp\/v2\/media?parent=10321"}],"wp:term":[{"taxonomy":"category","embeddable":true,"href":"https:\/\/tvc16.com\/portal\/wp-json\/wp\/v2\/categories?post=10321"},{"taxonomy":"post_tag","embeddable":true,"href":"https:\/\/tvc16.com\/portal\/wp-json\/wp\/v2\/tags?post=10321"}],"curies":[{"name":"wp","href":"https:\/\/api.w.org\/{rel}","templated":true}]}}