{"id":103215,"date":"2025-04-26T12:56:30","date_gmt":"2025-04-26T15:56:30","guid":{"rendered":"https:\/\/tvc16.com\/portal\/?p=103215"},"modified":"2025-04-26T12:56:32","modified_gmt":"2025-04-26T15:56:32","slug":"corpo-de-papa-francisco-e-sepultado-na-basilica-de-santa-maria-maior","status":"publish","type":"post","link":"https:\/\/tvc16.com\/portal\/2025\/04\/26\/corpo-de-papa-francisco-e-sepultado-na-basilica-de-santa-maria-maior\/","title":{"rendered":"Corpo de papa Francisco \u00e9 sepultado na Bas\u00edlica de Santa Maria Maior"},"content":{"rendered":"\n<p><em>Enterro ocorreu ap\u00f3s missa de Ex\u00e9quias na Bas\u00edlica de S\u00e3o Pedro<\/em><\/p>\n\n\n\n<p>Por Paula Laboissi\u00e8re &#8211; Rep\u00f3rter da Ag\u00eancia Brasil <br><\/p>\n\n\n\n<p>O corpo do papa Francisco foi trasladado at\u00e9 a Bas\u00edlica de Santa Maria Maior, onde foi sepultado \u00e0s 13h30 (hor\u00e1rio local) deste s\u00e1bado (26), conforme pedido do pont\u00edfice. O enterro ocorreu ap\u00f3s a missa de Ex\u00e9quias na Bas\u00edlica de S\u00e3o Pedro<img decoding=\"async\" src=\"https:\/\/agenciabrasil.ebc.com.br\/ebc.png?id=1640399&amp;o=node\"><img decoding=\"async\" src=\"https:\/\/agenciabrasil.ebc.com.br\/ebc.gif?id=1640399&amp;o=node\"><\/p>\n\n\n\n<p><strong>De acordo com o Vaticano, cerca de 150 mil pessoas se posicionaram nas ruas de Roma para prestar homenagens, se despedir de Francisco e acompanhar a passagem do cortejo.<\/strong><\/p>\n\n\n\n<p>\u00c0s 13h, teve in\u00edcio o rito de sepultamento, presidido pelo cardeal camerlengo Kevin Farrell na presen\u00e7a de outros religiosos e tamb\u00e9m de membros da fam\u00edlia de Francisco. Meia hora depois, a cerim\u00f4nia foi encerrada.<\/p>\n\n\n\n<blockquote class=\"wp-block-quote is-layout-flow wp-block-quote-is-layout-flow\">\n<p>\u201cPapa Francisco agora repousa no nicho sepulcral&nbsp;na nave lateral, entre a Capela Sforza e a Capela Paulina, onde se encontra o \u00edcone de Maria Salus Popoli Romani. Podemos ter a certeza de que os dois jamais se separar\u00e3o\u201d, destacou a Santa S\u00e9, em nota.<\/p>\n<\/blockquote>\n\n\n\n<p><strong>O t\u00famulo, por escolha do pr\u00f3prio papa, \u00e9 simples \u2013 composto apenas pela inscri\u00e7\u00e3o \u201cFranciscus\u201d e uma cruz ao centro<\/strong>. Um detalhe, entretanto, d\u00e1 car\u00e1ter pessoal ao local: o t\u00famulo foi constru\u00eddo com uma pedra extra\u00edda da regi\u00e3o da Lig\u00faria, na It\u00e1lia, onde nasceu o bisav\u00f4 do pont\u00edfice.<\/p>\n","protected":false},"excerpt":{"rendered":"<p>Enterro ocorreu ap\u00f3s missa de Ex\u00e9quias na Bas\u00edlica de S\u00e3o Pedro Por Paula Laboissi\u00e8re &#8211;<\/p>\n","protected":false},"author":2,"featured_media":25688,"comment_status":"open","ping_status":"open","sticky":false,"template":"","format":"standard","meta":{"footnotes":""},"categories":[17],"tags":[],"class_list":["post-103215","post","type-post","status-publish","format-standard","has-post-thumbnail","hentry","category-outras-noticias"],"_links":{"self":[{"href":"https:\/\/tvc16.com\/portal\/wp-json\/wp\/v2\/posts\/103215","targetHints":{"allow":["GET"]}}],"collection":[{"href":"https:\/\/tvc16.com\/portal\/wp-json\/wp\/v2\/posts"}],"about":[{"href":"https:\/\/tvc16.com\/portal\/wp-json\/wp\/v2\/types\/post"}],"author":[{"embeddable":true,"href":"https:\/\/tvc16.com\/portal\/wp-json\/wp\/v2\/users\/2"}],"replies":[{"embeddable":true,"href":"https:\/\/tvc16.com\/portal\/wp-json\/wp\/v2\/comments?post=103215"}],"version-history":[{"count":1,"href":"https:\/\/tvc16.com\/portal\/wp-json\/wp\/v2\/posts\/103215\/revisions"}],"predecessor-version":[{"id":103216,"href":"https:\/\/tvc16.com\/portal\/wp-json\/wp\/v2\/posts\/103215\/revisions\/103216"}],"wp:featuredmedia":[{"embeddable":true,"href":"https:\/\/tvc16.com\/portal\/wp-json\/wp\/v2\/media\/25688"}],"wp:attachment":[{"href":"https:\/\/tvc16.com\/portal\/wp-json\/wp\/v2\/media?parent=103215"}],"wp:term":[{"taxonomy":"category","embeddable":true,"href":"https:\/\/tvc16.com\/portal\/wp-json\/wp\/v2\/categories?post=103215"},{"taxonomy":"post_tag","embeddable":true,"href":"https:\/\/tvc16.com\/portal\/wp-json\/wp\/v2\/tags?post=103215"}],"curies":[{"name":"wp","href":"https:\/\/api.w.org\/{rel}","templated":true}]}}