{"id":103222,"date":"2025-04-26T13:02:13","date_gmt":"2025-04-26T16:02:13","guid":{"rendered":"https:\/\/tvc16.com\/portal\/?p=103222"},"modified":"2025-04-26T13:02:16","modified_gmt":"2025-04-26T16:02:16","slug":"enem-prazo-para-pedir-isencao-da-inscricao-e-ampliado-para-2-de-maio","status":"publish","type":"post","link":"https:\/\/tvc16.com\/portal\/2025\/04\/26\/enem-prazo-para-pedir-isencao-da-inscricao-e-ampliado-para-2-de-maio\/","title":{"rendered":"Enem: prazo para pedir isen\u00e7\u00e3o da inscri\u00e7\u00e3o \u00e9 ampliado para 2 de maio"},"content":{"rendered":"\n<p><em>Mudan\u00e7a de data tamb\u00e9m vale para as justificativas de aus\u00eancia<\/em><\/p>\n\n\n\n<p>Por Ag\u00eancia Brasil \/ Foto: Paulo Pinto\/Ag\u00eancia Brasil<\/p>\n\n\n\n<p><\/p>\n\n\n\n<p><strong>O Minist\u00e9rio da Educa\u00e7\u00e3o (MEC) prorrogou para o dia 2 de maio o prazo para que os interessados solicitem a isen\u00e7\u00e3o da taxa de inscri\u00e7\u00e3o do Exame Nacional do Ensino M\u00e9dio (Enem) 2025.<\/strong>&nbsp;O per\u00edodo&nbsp;<a href=\"https:\/\/agenciabrasil.ebc.com.br\/educacao\/noticia\/2025-04\/termina-23h59-prazo-para-pedir-isencao-da-taxa-de-inscricao-do-enem\">se encerraria<\/a>&nbsp;nesta sexta-feira (25).&nbsp;<img decoding=\"async\" src=\"https:\/\/agenciabrasil.ebc.com.br\/ebc.png?id=1640332&amp;o=node\"><img decoding=\"async\" src=\"https:\/\/agenciabrasil.ebc.com.br\/ebc.gif?id=1640332&amp;o=node\"><\/p>\n\n\n\n<p><strong>Estudantes do P\u00e9-de-Meia e do 3\u00ba ano de escolas p\u00fablicas est\u00e3o entre o p\u00fablico apto a pedir a isen\u00e7\u00e3o da taxa.&nbsp;<\/strong><\/p>\n\n\n\n<p>O procedimento deve ser realizado exclusivamente&nbsp;<a href=\"https:\/\/enem.inep.gov.br\/participante\/#!\/\">na&nbsp;p\u00e1gina do participante&nbsp;do exame<\/a>, com o login no portal \u00fanico de servi\u00e7os digitais do governo federal, o&nbsp;Gov.br.&nbsp;<\/p>\n\n\n\n<p>A mudan\u00e7a de data tamb\u00e9m valer\u00e1 para as justificativas de aus\u00eancia no Enem 2024. Quem n\u00e3o compareceu aos dois dias de Enem em 2024&nbsp;<a href=\"https:\/\/agenciabrasil.ebc.com.br\/educacao\/noticia\/2025-03\/enem-candidato-deve-justificar-ausencia-em-2024-para-ter-isencao\">precisa justificar as faltas<\/a>, caso queira participar da edi\u00e7\u00e3o de 2025 gratuitamente.&nbsp;&nbsp;<\/p>\n\n\n\n<p><strong><a href=\"https:\/\/agenciabrasil.ebc.com.br\/educacao\/noticia\/2025-04\/enem-2025-saiba-como-pedir-isencao-de-taxa-de-inscricao\">&gt;&gt; Saiba como pedir isen\u00e7\u00e3o de taxa de inscri\u00e7\u00e3o<\/a><\/strong><\/p>\n\n\n\n<p>Os per\u00edodos previstos para recursos e resultados referentes \u00e0 isen\u00e7\u00e3o e \u00e0s justificativas est\u00e3o mantidos.&nbsp;<strong>O resultado da solicita\u00e7\u00e3o de isen\u00e7\u00e3o ser\u00e1 divulgado no dia 12 de maio<\/strong>&nbsp;e o per\u00edodo de recursos para quem tiver o pedido negado ser\u00e1 entre 12 e 16 de maio. O resultado final dos recursos sair\u00e1 em 22 de maio.<\/p>\n\n\n\n<p><strong>A aprova\u00e7\u00e3o do pedido de isen\u00e7\u00e3o n\u00e3o garante a participa\u00e7\u00e3o no exame.<\/strong>&nbsp;O Inep destaca que mesmo com a gratuidade da taxa, os interessados dever\u00e3o realizar a inscri\u00e7\u00e3o no Enem 2025 posteriormente, em data a ser definida em futuro edital a ser publicado pelo MEC.<br><\/p>\n","protected":false},"excerpt":{"rendered":"<p>Mudan\u00e7a de data tamb\u00e9m vale para as justificativas de aus\u00eancia Por Ag\u00eancia Brasil \/ Foto:<\/p>\n","protected":false},"author":2,"featured_media":103223,"comment_status":"open","ping_status":"open","sticky":false,"template":"","format":"standard","meta":{"footnotes":""},"categories":[17],"tags":[],"class_list":["post-103222","post","type-post","status-publish","format-standard","has-post-thumbnail","hentry","category-outras-noticias"],"_links":{"self":[{"href":"https:\/\/tvc16.com\/portal\/wp-json\/wp\/v2\/posts\/103222","targetHints":{"allow":["GET"]}}],"collection":[{"href":"https:\/\/tvc16.com\/portal\/wp-json\/wp\/v2\/posts"}],"about":[{"href":"https:\/\/tvc16.com\/portal\/wp-json\/wp\/v2\/types\/post"}],"author":[{"embeddable":true,"href":"https:\/\/tvc16.com\/portal\/wp-json\/wp\/v2\/users\/2"}],"replies":[{"embeddable":true,"href":"https:\/\/tvc16.com\/portal\/wp-json\/wp\/v2\/comments?post=103222"}],"version-history":[{"count":1,"href":"https:\/\/tvc16.com\/portal\/wp-json\/wp\/v2\/posts\/103222\/revisions"}],"predecessor-version":[{"id":103224,"href":"https:\/\/tvc16.com\/portal\/wp-json\/wp\/v2\/posts\/103222\/revisions\/103224"}],"wp:featuredmedia":[{"embeddable":true,"href":"https:\/\/tvc16.com\/portal\/wp-json\/wp\/v2\/media\/103223"}],"wp:attachment":[{"href":"https:\/\/tvc16.com\/portal\/wp-json\/wp\/v2\/media?parent=103222"}],"wp:term":[{"taxonomy":"category","embeddable":true,"href":"https:\/\/tvc16.com\/portal\/wp-json\/wp\/v2\/categories?post=103222"},{"taxonomy":"post_tag","embeddable":true,"href":"https:\/\/tvc16.com\/portal\/wp-json\/wp\/v2\/tags?post=103222"}],"curies":[{"name":"wp","href":"https:\/\/api.w.org\/{rel}","templated":true}]}}