{"id":103225,"date":"2025-04-27T07:00:00","date_gmt":"2025-04-27T10:00:00","guid":{"rendered":"https:\/\/tvc16.com\/portal\/?p=103225"},"modified":"2025-04-26T13:14:01","modified_gmt":"2025-04-26T16:14:01","slug":"enem-2025-saiba-como-pedir-isencao-de-taxa-de-inscricao","status":"publish","type":"post","link":"https:\/\/tvc16.com\/portal\/2025\/04\/27\/enem-2025-saiba-como-pedir-isencao-de-taxa-de-inscricao\/","title":{"rendered":"Enem 2025: saiba como pedir isen\u00e7\u00e3o de taxa de inscri\u00e7\u00e3o"},"content":{"rendered":"\n<p><em>Solicita\u00e7\u00e3o deve ser feira at\u00e9 o dia 2 de maio<\/em><\/p>\n\n\n\n<p>Por Daniella Almeida &#8211; Rep\u00f3rter da Ag\u00eancia Brasil \/ Foto: Paulo Pinto\/Ag\u00eancia Brasil<\/p>\n\n\n\n<p><\/p>\n\n\n\n<p>Os interessados em participar do Exame Nacional do Ensino M\u00e9dio (Enem) de 2025 de gra\u00e7a t\u00eam at\u00e9 o dia 2 de maio para preencher as informa\u00e7\u00f5es solicitadas no formul\u00e1rio&nbsp;<em>online&nbsp;<\/em>e encaminhar a documenta\u00e7\u00e3o necess\u00e1ria. O Minist\u00e9rio da Educa\u00e7\u00e3o divulgou nesta sexta-feira (25)&nbsp;<a href=\"https:\/\/agenciabrasil.ebc.com.br\/educacao\/noticia\/2025-04\/enem-prazo-para-pedir-isencao-da-inscricao-e-ampliado-para-2-de-maio\">a amplia\u00e7\u00e3o do prazo<\/a>.&nbsp;<img decoding=\"async\" src=\"https:\/\/agenciabrasil.ebc.com.br\/ebc.png?id=1640320&amp;o=node\"><img decoding=\"async\" src=\"https:\/\/agenciabrasil.ebc.com.br\/ebc.gif?id=1640320&amp;o=node\"><\/p>\n\n\n\n<p>O procedimento deve ser realizado exclusivamente na&nbsp;<a href=\"https:\/\/enem.inep.gov.br\/participante\/#!\/\">p\u00e1gina do participante<\/a>&nbsp;do exame, com o login no portal \u00fanico de servi\u00e7os digitais do governo federal, o&nbsp;<a href=\"https:\/\/www.gov.br\/pt-br\">Gov.br<\/a>. No mesmo site, o solicitante poder\u00e1 conferir se a solicita\u00e7\u00e3o foi conclu\u00edda com sucesso.<\/p>\n\n\n\n<p>N\u00e3o ser\u00e3o aceitos documentos autodeclarat\u00f3rios ou emitidos, por exemplo, por pais ou respons\u00e1veis.<\/p>\n\n\n\n<h2 class=\"wp-block-heading\">Regras<\/h2>\n\n\n\n<p><strong>Os documentos de identifica\u00e7\u00e3o e escolares exigidos s\u00e3o:<\/strong><\/p>\n\n\n\n<ul class=\"wp-block-list\">\n<li>de identifica\u00e7\u00e3o (c\u00e9dula de Identidade) do participante e dos demais membros que comp\u00f5em o n\u00facleo familiar;<\/li>\n\n\n\n<li>nome completo e Cadastro de Pessoas F\u00edsica (CPF) da m\u00e3e do participante;<\/li>\n\n\n\n<li>declara\u00e7\u00e3o de realiza\u00e7\u00e3o de todo o ensino m\u00e9dio em escola do sistema p\u00fablico de ensino do Brasil (municipal, estadual ou federal) ou hist\u00f3rico escolar do ensino m\u00e9dio, com assinatura da escola;<\/li>\n\n\n\n<li>no caso de participante bolsista em escola privada, declara\u00e7\u00e3o da unidade de ensino que comprove ter cursado todo o ensino m\u00e9dio e conclu\u00eddo na condi\u00e7\u00e3o de bolsista integral;<\/li>\n\n\n\n<li>declara\u00e7\u00e3o escolar que comprove estar cursando a \u00faltima s\u00e9rie do ensino m\u00e9dio em 2025, em qualquer modalidade de ensino, em escola da rede p\u00fablica declarada ao Censo Escolar da Educa\u00e7\u00e3o B\u00e1sica.<\/li>\n<\/ul>\n\n\n\n<p><strong>Sobre a renda declarada, ser\u00e3o aceitos:<\/strong><\/p>\n\n\n\n<ul class=\"wp-block-list\">\n<li>contracheque ou holerite, recibo de pagamento por servi\u00e7os prestados, envelope de pagamento ou declara\u00e7\u00e3o do empregador;<\/li>\n\n\n\n<li>comprovante do valor da pens\u00e3o aliment\u00edcia. Na falta deste, extrato banc\u00e1rio ou declara\u00e7\u00e3o de quem a concede, especificando o valor.<\/li>\n\n\n\n<li>declara\u00e7\u00e3o original da pessoa que concede ajuda financeira ao interessado, como pagamento de despesas com escola ou de outras despesas, contendo as seguintes informa\u00e7\u00f5es: nome, endere\u00e7o, telefone, valor concedido e finalidade;<\/li>\n\n\n\n<li>extrato de rendimentos fornecido pelo Instituto Nacional do Seguro Social (INSS) ou por outras fontes, referente \u00e0 aposentadoria e outros benef\u00edcios como aux\u00edlio-doen\u00e7a, pens\u00e3o, pec\u00falio, aux\u00edlio-reclus\u00e3o e previd\u00eancia privada. Na falta destes, extrato banc\u00e1rio identificado, com o valor do cr\u00e9dito do benef\u00edcio.<\/li>\n\n\n\n<li>declara\u00e7\u00e3o original, assinada pelo pr\u00f3prio interessado, para os aut\u00f4nomos e trabalhadores em atividades informais, contendo as seguintes informa\u00e7\u00f5es: nome, atividade que desenvolve, local onde a executa, telefone, h\u00e1 quanto tempo a exerce e renda bruta mensal em Reais;<\/li>\n\n\n\n<li>recibo de comiss\u00f5es, alugu\u00e9is, pr\u00f3-labores e outros;<\/li>\n\n\n\n<li>recibo de seguro-desemprego e do Fundo de Garantia do Tempo de Servi\u00e7o (FGTS);<\/li>\n\n\n\n<li>rescis\u00e3o do \u00faltimo contrato de trabalho;<\/li>\n\n\n\n<li>comprovantes de benef\u00edcios concedidos por programas sociais, como o programa Bolsa Fam\u00edlia.<\/li>\n<\/ul>\n\n\n\n<p>Para consultar os detalhes sobre os documentos aceitos, o interessado deve consultar o&nbsp;<a href=\"https:\/\/www.in.gov.br\/en\/web\/dou\/-\/edital-n-18-de-24-de-marco-de-2025-620921318\">anexo I do edital<\/a>&nbsp;do Inep que trata da isen\u00e7\u00e3o da taxa.<\/p>\n\n\n\n<h2 class=\"wp-block-heading\">Justificativa de aus\u00eancia<\/h2>\n\n\n\n<p>Quem faltou a um dos dois dias de prova no Enem 2024<a href=\"https:\/\/agenciabrasil.ebc.com.br\/educacao\/noticia\/2025-03\/enem-candidato-deve-justificar-ausencia-em-2024-para-ter-isencao\">&nbsp;precisa justificar a aus\u00eancia<\/a>&nbsp;para pedir a isen\u00e7\u00e3o da taxa de inscri\u00e7\u00e3o. O prazo para encaminhar online a documenta\u00e7\u00e3o necess\u00e1ria tamb\u00e9m termina no dia 2 de maio.&nbsp;<\/p>\n\n\n\n<p>O procedimento deve ser realizado exclusivamente na&nbsp;<a href=\"https:\/\/enem.inep.gov.br\/participante\/#!\/\">p\u00e1gina do participante<\/a>.<\/p>\n\n\n\n<p>Entre as situa\u00e7\u00f5es previstas para justificar a aus\u00eancia est\u00e3o emerg\u00eancia ou&nbsp;interna\u00e7\u00e3o m\u00e9dica ou odontol\u00f3gica;&nbsp;assalto, furto e acidente de tr\u00e2nsito; morte na fam\u00edlia, maternidade ou paternidade e participa\u00e7\u00e3o em atividade escolar.<\/p>\n\n\n\n<p>Os documentos que comprovem as condi\u00e7\u00f5es declaradas est\u00e3o&nbsp;<a href=\"https:\/\/www.in.gov.br\/en\/web\/dou\/-\/edital-n-18-de-24-de-marco-de-2025-620921318\">previstos no edital<\/a>&nbsp;do Instituto Nacional de Estudos e Pesquisas Educacionais An\u00edsio Teixeira (Inep) que trata da justificativa de aus\u00eancia na \u00faltima edi\u00e7\u00e3o do exame.<\/p>\n\n\n\n<h2 class=\"wp-block-heading\">Resultado<\/h2>\n\n\n\n<p>O resultado da solicita\u00e7\u00e3o de isen\u00e7\u00e3o ser\u00e1 divulgado no dia 12 de maio, na p\u00e1gina do participante do Enem.&nbsp;<\/p>\n\n\n\n<p>O per\u00edodo de recursos para quem tiver o pedido negado ser\u00e1 entre 12 e 16 de maio. O resultado final dos recursos sair\u00e1 em 22 de maio.<\/p>\n\n\n\n<p>A aprova\u00e7\u00e3o do pedido de isen\u00e7\u00e3o n\u00e3o garante a participa\u00e7\u00e3o no exame. O Inep destaca que mesmo com a gratuidade da taxa, os interessados dever\u00e3o realizar a inscri\u00e7\u00e3o no Enem 2025 posteriormente, em data a ser definida em futuro edital a ser publicado pelo MEC.<\/p>\n\n\n\n<h2 class=\"wp-block-heading\">Enem<\/h2>\n\n\n\n<p>O Exame Nacional do Ensino M\u00e9dio \u00e9 considerado a principal forma de entrada na educa\u00e7\u00e3o superior no Brasil, por meio de programas federais como Sistema de Sele\u00e7\u00e3o Unificada (Sisu), Programa Universidade para Todos (Prouni) e Fundo de Financiamento Estudantil (Fies).<br><\/p>\n","protected":false},"excerpt":{"rendered":"<p>Solicita\u00e7\u00e3o deve ser feira at\u00e9 o dia 2 de maio Por Daniella Almeida &#8211; Rep\u00f3rter<\/p>\n","protected":false},"author":2,"featured_media":103226,"comment_status":"open","ping_status":"open","sticky":false,"template":"","format":"standard","meta":{"footnotes":""},"categories":[17],"tags":[],"class_list":["post-103225","post","type-post","status-publish","format-standard","has-post-thumbnail","hentry","category-outras-noticias"],"_links":{"self":[{"href":"https:\/\/tvc16.com\/portal\/wp-json\/wp\/v2\/posts\/103225","targetHints":{"allow":["GET"]}}],"collection":[{"href":"https:\/\/tvc16.com\/portal\/wp-json\/wp\/v2\/posts"}],"about":[{"href":"https:\/\/tvc16.com\/portal\/wp-json\/wp\/v2\/types\/post"}],"author":[{"embeddable":true,"href":"https:\/\/tvc16.com\/portal\/wp-json\/wp\/v2\/users\/2"}],"replies":[{"embeddable":true,"href":"https:\/\/tvc16.com\/portal\/wp-json\/wp\/v2\/comments?post=103225"}],"version-history":[{"count":1,"href":"https:\/\/tvc16.com\/portal\/wp-json\/wp\/v2\/posts\/103225\/revisions"}],"predecessor-version":[{"id":103227,"href":"https:\/\/tvc16.com\/portal\/wp-json\/wp\/v2\/posts\/103225\/revisions\/103227"}],"wp:featuredmedia":[{"embeddable":true,"href":"https:\/\/tvc16.com\/portal\/wp-json\/wp\/v2\/media\/103226"}],"wp:attachment":[{"href":"https:\/\/tvc16.com\/portal\/wp-json\/wp\/v2\/media?parent=103225"}],"wp:term":[{"taxonomy":"category","embeddable":true,"href":"https:\/\/tvc16.com\/portal\/wp-json\/wp\/v2\/categories?post=103225"},{"taxonomy":"post_tag","embeddable":true,"href":"https:\/\/tvc16.com\/portal\/wp-json\/wp\/v2\/tags?post=103225"}],"curies":[{"name":"wp","href":"https:\/\/api.w.org\/{rel}","templated":true}]}}