{"id":103243,"date":"2025-04-27T17:48:00","date_gmt":"2025-04-27T20:48:00","guid":{"rendered":"https:\/\/tvc16.com\/portal\/?p=103243"},"modified":"2025-04-27T17:48:01","modified_gmt":"2025-04-27T20:48:01","slug":"destinacao-do-imposto-de-renda-impulsiona-projetos-sociais-em-petropolis","status":"publish","type":"post","link":"https:\/\/tvc16.com\/portal\/2025\/04\/27\/destinacao-do-imposto-de-renda-impulsiona-projetos-sociais-em-petropolis\/","title":{"rendered":"Destina\u00e7\u00e3o do Imposto de Renda impulsiona projetos sociais em Petr\u00f3polis"},"content":{"rendered":"\n<p>Contribuintes e empresas podem transformar parte do tributo em apoio direto a crian\u00e7as, adolescentes e idosos do munic\u00edpio<\/p>\n\n\n\n<p>Os moradores e empresas de Petr\u00f3polis t\u00eam uma oportunidade de colaborar diretamente com iniciativas voltadas ao bem-estar de crian\u00e7as, adolescentes e idosos do munic\u00edpio, por meio da declara\u00e7\u00e3o anual do Imposto de Renda. Cada contribuinte pode destinar at\u00e9 3% ao Fundo Municipal dos Direitos da Crian\u00e7a e do Adolescente (FMDCA) e outros 3% ao Fundo Municipal da Pessoa Idosa (FMPI).<\/p>\n\n\n\n<p>Podem participar pessoas f\u00edsicas que utilizam o modelo completo de declara\u00e7\u00e3o e possuem imposto a pagar, al\u00e9m de empresas tributadas com base no lucro real, que tamb\u00e9m podem realizar a destina\u00e7\u00e3o conforme os limites estabelecidos pela legisla\u00e7\u00e3o. A iniciativa n\u00e3o gera custos adicionais e permite que parte do imposto devido seja direcionada diretamente a projetos sociais da cidade.<\/p>\n\n\n\n<p>A escolha \u00e9 feita na se\u00e7\u00e3o \u201cDoa\u00e7\u00f5es diretamente na declara\u00e7\u00e3o\u201d, onde o contribuinte indica o fundo, seleciona o munic\u00edpio e informa o valor que pretende destinar. O sistema gera automaticamente um Documento de Arrecada\u00e7\u00e3o de Receitas Federais (DARF), que deve ser pago at\u00e9 a data final de entrega da declara\u00e7\u00e3o.<\/p>\n\n\n\n<p>Esse procedimento n\u00e3o altera o valor do imposto a ser pago. Em vez de seguir integralmente para o caixa da Uni\u00e3o, o recurso permanece em Petr\u00f3polis, investido em iniciativas que amparam crian\u00e7as, adolescentes e pessoas idosas.<\/p>\n\n\n\n<p>Para o prefeito Hingo Hammes, cada destina\u00e7\u00e3o representa um compromisso com o futuro. \u201cAo optar por essa doa\u00e7\u00e3o, o contribuinte estende a m\u00e3o a quem precisa. Cada valor destinado se transforma em acolhimento, em oportunidade, em cuidado. \u00c9 uma maneira concreta de fazer diferen\u00e7a na vida de muitas fam\u00edlias\u201d,aponta.<\/p>\n\n\n\n<p>O secret\u00e1rio municipal de Fazenda, Fabio Junior, destaca que a contribui\u00e7\u00e3o fortalece a rede de prote\u00e7\u00e3o social. \u201cEsses recursos ficam na cidade, aplicados de forma transparente e voltados para quem mais precisa. A participa\u00e7\u00e3o de pessoas f\u00edsicas e jur\u00eddicas amplia a capacidade de transforma\u00e7\u00e3o e refor\u00e7a o sentido de comunidade\u201d, refor\u00e7a o secret\u00e1rio.<\/p>\n\n\n\n<p>A administra\u00e7\u00e3o dos fundos \u00e9 realizada por conselhos formados por representantes da sociedade civil e do poder p\u00fablico. As aplica\u00e7\u00f5es seguem crit\u00e9rios de transpar\u00eancia, sendo destinadas exclusivamente a programas de assist\u00eancia, fortalecimento de v\u00ednculos e promo\u00e7\u00e3o da qualidade de vida.<\/p>\n\n\n\n<p>Servidores municipais tamb\u00e9m s\u00e3o estimulados a participar da iniciativa, fortalecendo o alcance das a\u00e7\u00f5es sociais. A ades\u00e3o de diferentes segmentos da popula\u00e7\u00e3o amplia o impacto positivo na cidade.<\/p>\n\n\n\n<p>As doa\u00e7\u00f5es devem ser realizadas at\u00e9 o prazo final de entrega da declara\u00e7\u00e3o, que termina no dia 31 de maio. \u00c9 fundamental que os contribuintes verifiquem se atendem aos crit\u00e9rios exigidos para efetuar a destina\u00e7\u00e3o, assegurando que o recurso seja incorporado aos fundos sociais municipais.<\/p>\n\n\n\n<p>Mais do que uma formalidade fiscal, destinar parte do Imposto de Renda \u00e9 um gesto de compromisso com a dignidade e com o cuidado coletivo. Cada escolha carrega o potencial de transformar&nbsp;vidas.<\/p>\n","protected":false},"excerpt":{"rendered":"<p>Contribuintes e empresas podem transformar parte do tributo em apoio direto a crian\u00e7as, adolescentes e<\/p>\n","protected":false},"author":2,"featured_media":96474,"comment_status":"open","ping_status":"open","sticky":false,"template":"","format":"standard","meta":{"footnotes":""},"categories":[12],"tags":[],"class_list":["post-103243","post","type-post","status-publish","format-standard","has-post-thumbnail","hentry","category-cidade"],"_links":{"self":[{"href":"https:\/\/tvc16.com\/portal\/wp-json\/wp\/v2\/posts\/103243","targetHints":{"allow":["GET"]}}],"collection":[{"href":"https:\/\/tvc16.com\/portal\/wp-json\/wp\/v2\/posts"}],"about":[{"href":"https:\/\/tvc16.com\/portal\/wp-json\/wp\/v2\/types\/post"}],"author":[{"embeddable":true,"href":"https:\/\/tvc16.com\/portal\/wp-json\/wp\/v2\/users\/2"}],"replies":[{"embeddable":true,"href":"https:\/\/tvc16.com\/portal\/wp-json\/wp\/v2\/comments?post=103243"}],"version-history":[{"count":1,"href":"https:\/\/tvc16.com\/portal\/wp-json\/wp\/v2\/posts\/103243\/revisions"}],"predecessor-version":[{"id":103244,"href":"https:\/\/tvc16.com\/portal\/wp-json\/wp\/v2\/posts\/103243\/revisions\/103244"}],"wp:featuredmedia":[{"embeddable":true,"href":"https:\/\/tvc16.com\/portal\/wp-json\/wp\/v2\/media\/96474"}],"wp:attachment":[{"href":"https:\/\/tvc16.com\/portal\/wp-json\/wp\/v2\/media?parent=103243"}],"wp:term":[{"taxonomy":"category","embeddable":true,"href":"https:\/\/tvc16.com\/portal\/wp-json\/wp\/v2\/categories?post=103243"},{"taxonomy":"post_tag","embeddable":true,"href":"https:\/\/tvc16.com\/portal\/wp-json\/wp\/v2\/tags?post=103243"}],"curies":[{"name":"wp","href":"https:\/\/api.w.org\/{rel}","templated":true}]}}