{"id":103259,"date":"2025-04-28T08:53:04","date_gmt":"2025-04-28T11:53:04","guid":{"rendered":"https:\/\/tvc16.com\/portal\/?p=103259"},"modified":"2025-04-28T08:53:05","modified_gmt":"2025-04-28T11:53:05","slug":"enel-oferecera-atendimento-movel-em-itaipava-na-sexta-feira-dia-2-de-abril","status":"publish","type":"post","link":"https:\/\/tvc16.com\/portal\/2025\/04\/28\/enel-oferecera-atendimento-movel-em-itaipava-na-sexta-feira-dia-2-de-abril\/","title":{"rendered":"Enel oferecer\u00e1 atendimento m\u00f3vel em Itaipava na sexta-feira, dia 2 de abril"},"content":{"rendered":"\n<p><strong>\u00a0<\/strong>A Enel Distribui\u00e7\u00e3o Rio levar\u00e1 o atendimento m\u00f3vel \u00e0s cidades de S\u00e3o Gon\u00e7alo, Saquarema, Mag\u00e9 e Petr\u00f3polis. O objetivo \u00e9 facilitar o acesso dos clientes a servi\u00e7os fornecidos pela companhia. A unidade m\u00f3vel vai oferecer os mesmos servi\u00e7os das lojas f\u00edsicas: ades\u00f5es, troca de titularidade, parcelamentos, religa\u00e7\u00f5es, negocia\u00e7\u00f5es de d\u00e9bitos e liga\u00e7\u00f5es novas.<\/p>\n\n\n\n<p>Hoje (segunda-feira, 28), a van da Enel estar\u00e1 no bairro do Alc\u00e2ntara, em S\u00e3o Gon\u00e7alo. Amanh\u00e3 (ter\u00e7a-feira, 29), o atendimento m\u00f3vel far\u00e1 uma parada em Saquarema, no bairro do Jacon\u00e9. Na quarta-feira (30), ser\u00e1 a vez dos clientes do de Piabet\u00e1, em Mag\u00e9. J\u00e1 na sexta-feira (2), a van estar\u00e1 estacionada no distrito de Itaipava, em Petr\u00f3polis.<\/p>\n\n\n\n<p>Al\u00e9m do atendimento m\u00f3vel, a empresa tamb\u00e9m disponibiliza os canais digitais para atendimento: site da distribuidora (<a href=\"http:\/\/www.enel.com.br\/\" target=\"_blank\" rel=\"noreferrer noopener\">www.enel.com.br<\/a>), aplicativo Enel (dispon\u00edvel para iOS e Android), WhatsApp Elena: (21) 99601-9608 e Central de Relacionamento (0800 28 00 120).<\/p>\n\n\n\n<p><strong><u>Servi\u00e7o<\/u><\/strong><\/p>\n\n\n\n<p><strong>Atendimento m\u00f3vel em S\u00e3o Gon\u00e7alo, Saquarema e Mag\u00e9<\/strong><\/p>\n\n\n\n<p><strong>S\u00e3o Gon\u00e7alo<\/strong><\/p>\n\n\n\n<p>Data: hoje, (segunda-feira, 28)<\/p>\n\n\n\n<p>Endere\u00e7o: Rua Doutor Alfredo Becker, n\u00ba 605<\/p>\n\n\n\n<p>Bairro: Alc\u00e2ntara<\/p>\n\n\n\n<p>Hor\u00e1rio: 9h30 \u00e0s 12h e 13h \u00e0s 16h<\/p>\n\n\n\n<p><strong>Saquarema<\/strong><\/p>\n\n\n\n<p>Data: amanh\u00e3 (ter\u00e7a-feira, 29)<\/p>\n\n\n\n<p>Endere\u00e7o: Rua 13,&nbsp;n\u00ba 4.193<\/p>\n\n\n\n<p>Bairro: Jacon\u00e9<\/p>\n\n\n\n<p>Hor\u00e1rio: 10h \u00e0s 12h e 13h \u00e0s 16h<\/p>\n\n\n\n<p><strong>Mag\u00e9<\/strong><\/p>\n\n\n\n<p>Data: quarta-feira (30)<\/p>\n\n\n\n<p>Endere\u00e7o: Pra\u00e7a Sete de Setembro<\/p>\n\n\n\n<p>Bairro: Piabet\u00e1<\/p>\n\n\n\n<p>Hor\u00e1rio: 10h \u00e0s 12h e 13h \u00e0s 16h<\/p>\n\n\n\n<p><strong>Petr\u00f3polis<\/strong><\/p>\n\n\n\n<p>Data: sexta-feira (2)<\/p>\n\n\n\n<p>Endere\u00e7o: Estrada Uni\u00e3o &amp; Ind\u00fastria,&nbsp;n\u00ba&nbsp;9.726<\/p>\n\n\n\n<p>Distrito: Itaipava<\/p>\n\n\n\n<p>Hor\u00e1rio: 10h \u00e0s 12h e 13h \u00e0s 16h<\/p>\n\n\n\n<p><strong>Sobre a Enel Distribui\u00e7\u00e3o Rio<\/strong><\/p>\n\n\n\n<p>A Enel Distribui\u00e7\u00e3o Rio atende 66 munic\u00edpios do estado do Rio de Janeiro, abrangendo 73% do territ\u00f3rio estadual, com cobertura de uma \u00e1rea de 32.188 km\u00b2. A Regi\u00e3o Metropolitana de Niter\u00f3i e S\u00e3o Gon\u00e7alo e os munic\u00edpios de Itabora\u00ed e Mag\u00e9 representam a maior concentra\u00e7\u00e3o do total de 3 milh\u00f5es de clientes atendidos pela companhia.<\/p>\n","protected":false},"excerpt":{"rendered":"<p>\u00a0A Enel Distribui\u00e7\u00e3o Rio levar\u00e1 o atendimento m\u00f3vel \u00e0s cidades de S\u00e3o Gon\u00e7alo, Saquarema, Mag\u00e9<\/p>\n","protected":false},"author":2,"featured_media":103260,"comment_status":"open","ping_status":"open","sticky":false,"template":"","format":"standard","meta":{"footnotes":""},"categories":[12],"tags":[],"class_list":["post-103259","post","type-post","status-publish","format-standard","has-post-thumbnail","hentry","category-cidade"],"_links":{"self":[{"href":"https:\/\/tvc16.com\/portal\/wp-json\/wp\/v2\/posts\/103259","targetHints":{"allow":["GET"]}}],"collection":[{"href":"https:\/\/tvc16.com\/portal\/wp-json\/wp\/v2\/posts"}],"about":[{"href":"https:\/\/tvc16.com\/portal\/wp-json\/wp\/v2\/types\/post"}],"author":[{"embeddable":true,"href":"https:\/\/tvc16.com\/portal\/wp-json\/wp\/v2\/users\/2"}],"replies":[{"embeddable":true,"href":"https:\/\/tvc16.com\/portal\/wp-json\/wp\/v2\/comments?post=103259"}],"version-history":[{"count":1,"href":"https:\/\/tvc16.com\/portal\/wp-json\/wp\/v2\/posts\/103259\/revisions"}],"predecessor-version":[{"id":103261,"href":"https:\/\/tvc16.com\/portal\/wp-json\/wp\/v2\/posts\/103259\/revisions\/103261"}],"wp:featuredmedia":[{"embeddable":true,"href":"https:\/\/tvc16.com\/portal\/wp-json\/wp\/v2\/media\/103260"}],"wp:attachment":[{"href":"https:\/\/tvc16.com\/portal\/wp-json\/wp\/v2\/media?parent=103259"}],"wp:term":[{"taxonomy":"category","embeddable":true,"href":"https:\/\/tvc16.com\/portal\/wp-json\/wp\/v2\/categories?post=103259"},{"taxonomy":"post_tag","embeddable":true,"href":"https:\/\/tvc16.com\/portal\/wp-json\/wp\/v2\/tags?post=103259"}],"curies":[{"name":"wp","href":"https:\/\/api.w.org\/{rel}","templated":true}]}}