{"id":103262,"date":"2025-04-28T08:58:45","date_gmt":"2025-04-28T11:58:45","guid":{"rendered":"https:\/\/tvc16.com\/portal\/?p=103262"},"modified":"2025-04-28T08:58:46","modified_gmt":"2025-04-28T11:58:46","slug":"projeto-comunidade-que-cuida-da-vida-leva-alunos-a-campo-para-mapear-riscos-e-auxiliar-comunidade-de-petropolis","status":"publish","type":"post","link":"https:\/\/tvc16.com\/portal\/2025\/04\/28\/projeto-comunidade-que-cuida-da-vida-leva-alunos-a-campo-para-mapear-riscos-e-auxiliar-comunidade-de-petropolis\/","title":{"rendered":"Projeto &#8220;Comunidade que Cuida da Vida&#8221; leva alunos a campo para mapear riscos e auxiliar comunidade de Petr\u00f3polis"},"content":{"rendered":"\n<p><em>Iniciativa pioneira iniciou no bairro Estrada da Saudade e vai ser ampliado para outros pontos do munic\u00edpio<\/em><\/p>\n\n\n\n<p>O Centro Universit\u00e1rio Arthur de S\u00e1 Earp Neto e a Faculdade de Medicina de Petr\u00f3polis idealizaram o projeto de extens\u00e3o \u201cComunidade que cuida da vida\u201d, com o objetivo de reduzir riscos e fortalecer a seguran\u00e7a das comunidades de Petr\u00f3polis, que sofrem h\u00e1 anos com impactos associados \u00e0s chuvas intensas. A Unidade de Sa\u00fade da Fam\u00edlia da Estrada da Saudade \u00e9 a primeira a receber a iniciativa, com duas equipes j\u00e1 treinadas para identificar e registrar unidades sens\u00edveis a desastres e ondas de calor, atrav\u00e9s de capacita\u00e7\u00f5es oferecidas pela Defesa Civil para aprender a utilizar ferramentas de geoprocessamento e aprimorar suas a\u00e7\u00f5es no mapeamento participativo, garantindo um trabalho conjunto e eficaz entre as diferentes \u00e1reas. A meta \u00e9 concluir a coleta de dados na regi\u00e3o at\u00e9 agosto, permitindo a expans\u00e3o do projeto para outras localidades de Petr\u00f3polis e quem sabe do Brasil.<\/p>\n\n\n\n<p>\u201cA ideia do projeto surgiu ap\u00f3s as chuvas de 2022, quando percebemos a necessidade de estarmos mais preparados, de fortalecermos o di\u00e1logo com a popula\u00e7\u00e3o e entender como as pessoas se relacionam com o territ\u00f3rio onde vivem. Por isso, estamos mapeando pontos de encontros\/espera dentro das comunidades \u2014 para al\u00e9m dos Pontos de Apoio tradicionais indicados pela Defesa Civil \u2014 fortalecendo a rede de prote\u00e7\u00e3o local. O objetivo \u00e9 construir, junto com a comunidade, estrat\u00e9gias mais eficazes de cuidado e resposta em situa\u00e7\u00f5es de emerg\u00eancias, capacitando jovens e mulheres do territ\u00f3rio com no\u00e7\u00f5es de primeiros socorros e curativos, pois sabemos que, em momentos de desastre, os pr\u00f3prios moradores s\u00e3o os primeiros a agir\u201d, explicou a professora L\u00edvia Teixeira, Coordenadora do Projeto de Extens\u00e3o e supervisora das Unidades de Sa\u00fade da Fam\u00edlia pr\u00f3prias da UNIFASE\/FMP.<\/p>\n\n\n\n<p>O projeto tem a parceria da Secretaria Municipal de Prote\u00e7\u00e3o e Defesa Civil (SEMPDEC) e a colabora\u00e7\u00e3o de diversas entidades, como o Minist\u00e9rio P\u00fablico Estadual, a Fiocruz e a organiza\u00e7\u00e3o SOS Serra, ampliando a intersetorialidade e potencializando os impactos positivos na comunidade.<\/p>\n\n\n\n<p>\u201cEsse \u00e9 um projeto piloto inovador que qualifica os dados j\u00e1 coletados pelos agentes comunit\u00e1rios de sa\u00fade. Ap\u00f3s a coleta e composi\u00e7\u00e3o do banco de dados, n\u00f3s cruzamos as informa\u00e7\u00f5es relacionadas \u00e0s condi\u00e7\u00f5es gerais de sa\u00fade dos pacientes com os mapeamentos de risco que j\u00e1 existem. Dessa forma, conseguimos construir um plano de evacua\u00e7\u00e3o e resgate efetivos para casos de desastres\u201d, explicou Vit\u00f3ria Cust\u00f3dio, ge\u00f3grafa da Defesa Civil de Petr\u00f3polis.<\/p>\n\n\n\n<p>A partir do dia 24 de abril, os estudantes de Medicina e Enfermagem, juntamente com a equipe da Unidade de Sa\u00fade da Fam\u00edlia da Estrada da Saudade, iniciaram a coleta de informa\u00e7\u00f5es fundamentais sobre vulnerabilidades da popula\u00e7\u00e3o, como a presen\u00e7a de acamados, idosos com dificuldades de locomo\u00e7\u00e3o e fam\u00edlias que vivem em \u00e1reas de risco. Esses dados ser\u00e3o inseridos em mapas digitais, permitindo uma resposta mais eficiente em situa\u00e7\u00f5es de desastres.<\/p>\n\n\n\n<p>Para os estudantes, o projeto \u00e9 tamb\u00e9m uma oportunidade de aprendizado pr\u00e1tico e de conex\u00e3o com a realidade da cidade.<\/p>\n\n\n\n<p>\u201cEu acredito que esse projeto piloto vai deixar um legado e com isso motivar muitas pessoas a participarem dessa iniciativa j\u00e1 que precisamos pensar nas quest\u00f5es clim\u00e1ticas e socioambientais da nossa cidade. N\u00f3s temos muita demanda quando o assunto \u00e9 esse e o projeto tem essa fun\u00e7\u00e3o, que \u00e9 minimizar os efeitos dos desastres ambientais\u201d, disse Wanderson Willian Agassis, aluno de Enfermagem da UNIFASE.<\/p>\n\n\n\n<p>\u201cParticipar deste projeto de extens\u00e3o est\u00e1 sendo muito interessante, e com isso abrindo as portas para n\u00f3s alunos na medicina. \u00c9 muito interessante ver a medicina numa outra perspectiva sem ser no hospital e poder conectar mais a gente com a comunidade de Petr\u00f3polis, principalmente agora em que vivemos uma crise clim\u00e1tica\u201d, relatou a estudante de medicina da FMP, Anna Giullia Toledo.<\/p>\n\n\n\n<p>Saiba mais sobre o projeto no programa Conex\u00e3o UNIFASE \u2013 Comunidade que Cuida da Vida, produzido pelo canal educativo da UNIFASE\/FMP \u2013 TV UNIFASE. Assista: https:\/\/youtu.be\/sM0QKj5MDvY<\/p>\n\n\n\n<p>Sobre o Conex\u00e3o UNIFASE<\/p>\n\n\n\n<p>O Conex\u00e3o UNIFASE apresenta hist\u00f3rias reais de projetos inovadores e a\u00e7\u00f5es transformadoras desenvolvidas por alunos e profissionais da UNIFASE\/FMP. A cada epis\u00f3dio, temas de interesse coletivo s\u00e3o abordados com profundidade, refor\u00e7ando o compromisso da institui\u00e7\u00e3o com a ci\u00eancia, a educa\u00e7\u00e3o e o impacto social.<\/p>\n","protected":false},"excerpt":{"rendered":"<p>Iniciativa pioneira iniciou no bairro Estrada da Saudade e vai ser ampliado para outros pontos<\/p>\n","protected":false},"author":2,"featured_media":103263,"comment_status":"open","ping_status":"open","sticky":false,"template":"","format":"standard","meta":{"footnotes":""},"categories":[12],"tags":[],"class_list":["post-103262","post","type-post","status-publish","format-standard","has-post-thumbnail","hentry","category-cidade"],"_links":{"self":[{"href":"https:\/\/tvc16.com\/portal\/wp-json\/wp\/v2\/posts\/103262","targetHints":{"allow":["GET"]}}],"collection":[{"href":"https:\/\/tvc16.com\/portal\/wp-json\/wp\/v2\/posts"}],"about":[{"href":"https:\/\/tvc16.com\/portal\/wp-json\/wp\/v2\/types\/post"}],"author":[{"embeddable":true,"href":"https:\/\/tvc16.com\/portal\/wp-json\/wp\/v2\/users\/2"}],"replies":[{"embeddable":true,"href":"https:\/\/tvc16.com\/portal\/wp-json\/wp\/v2\/comments?post=103262"}],"version-history":[{"count":1,"href":"https:\/\/tvc16.com\/portal\/wp-json\/wp\/v2\/posts\/103262\/revisions"}],"predecessor-version":[{"id":103264,"href":"https:\/\/tvc16.com\/portal\/wp-json\/wp\/v2\/posts\/103262\/revisions\/103264"}],"wp:featuredmedia":[{"embeddable":true,"href":"https:\/\/tvc16.com\/portal\/wp-json\/wp\/v2\/media\/103263"}],"wp:attachment":[{"href":"https:\/\/tvc16.com\/portal\/wp-json\/wp\/v2\/media?parent=103262"}],"wp:term":[{"taxonomy":"category","embeddable":true,"href":"https:\/\/tvc16.com\/portal\/wp-json\/wp\/v2\/categories?post=103262"},{"taxonomy":"post_tag","embeddable":true,"href":"https:\/\/tvc16.com\/portal\/wp-json\/wp\/v2\/tags?post=103262"}],"curies":[{"name":"wp","href":"https:\/\/api.w.org\/{rel}","templated":true}]}}