{"id":103265,"date":"2025-04-28T09:19:36","date_gmt":"2025-04-28T12:19:36","guid":{"rendered":"https:\/\/tvc16.com\/portal\/?p=103265"},"modified":"2025-04-28T09:19:37","modified_gmt":"2025-04-28T12:19:37","slug":"serratec-abre-inscricoes-para-segunda-turma-de-residencia-em-tic-voltada-para-pessoas-das-areas-de-exatas","status":"publish","type":"post","link":"https:\/\/tvc16.com\/portal\/2025\/04\/28\/serratec-abre-inscricoes-para-segunda-turma-de-residencia-em-tic-voltada-para-pessoas-das-areas-de-exatas\/","title":{"rendered":"Serratec abre inscri\u00e7\u00f5es para segunda turma de Resid\u00eancia em TIC voltada para pessoas das \u00e1reas de Exatas"},"content":{"rendered":"\n<p><em>A trilha da Resid\u00eancia, denominada STEM (acr\u00f4nimo em ingl\u00eas para Ci\u00eancia, Tecnologia, Engenharia e Matem\u00e1tica) \u00e9 gratuita e tem o objetivo de conectar estudantes e profissionais de carreiras de Exatas com a \u00e1rea de Tecnologia<\/em><\/p>\n\n\n\n<p>At\u00e9 5 de maio est\u00e3o abertas as inscri\u00e7\u00f5es para a nova trilha do programa de Resid\u00eancia em TIC Serratec\/Brisa STEM, uma parceria do Serratec &#8211; Parque Tecnol\u00f3gico da Regi\u00e3o Serrana com a BRISA \u2013 Sociedade para o Desenvolvimento da Tecnologia da Informa\u00e7\u00e3o, com apoio da SOFTEX \u2013 Associa\u00e7\u00e3o para Promo\u00e7\u00e3o da Excel\u00eancia do Software Brasileiro, e do Minist\u00e9rio da Ci\u00eancia, Tecnologia e Inova\u00e7\u00e3o &#8211; MCTI, com recursos da Lei n\u00ba 8.248, de 23 de outubro de 1991, no \u00e2mbito dos Programas e Projetos Priorit\u00e1rios de Inform\u00e1tica (PPI), e do Programa MCTI Futuro.<br>Exclusiva para graduandos, graduados, formados em cursos t\u00e9cnicos das \u00e1reas de Exatas e ex residentes formados nos programas de qualifica\u00e7\u00e3o profissional do Serratec, o programa \u00e9 gratuito e ser\u00e1 dividido em duas fases: a primeira com conte\u00fados de tecnologia, na modalidade de ensino \u00e0 dist\u00e2ncia (EaD), com in\u00edcio em maio, dura\u00e7\u00e3o de dois meses e oferta de 250 vagas; a segunda fase \u00e9 destinada aos 50 estudantes que melhor performarem na fase 1, quando ter\u00e3o a oportunidade de colocar em pr\u00e1tica os conhecimento adquiridos, desenvolvendo, em grupo e com apoio de mentores especializados, projetos pr\u00e1ticos e reais trazidos pelas empresas parceiras do Serratec. Esta fase acontecer\u00e1 de forma h\u00edbrida (online e presencial), tem dura\u00e7\u00e3o de seis meses e in\u00edcio em agosto de 2025. Os estudantes selecionados para essa fase ainda receber\u00e3o bolsa mensal no valor de R$1.260,00 (um mil e duzentos e sessenta reais), para custear seus estudos durante a jornada, al\u00e9m do empr\u00e9stimo de equipamentos (ambos pelo per\u00edodo de 6 meses).<br>O Programa \u00e9 destinado prioritariamente a moradores das cidades de Petr\u00f3polis, Teres\u00f3polis, Nova Friburgo, Areal ou que vivem em um raio de at\u00e9 30km dos respectivos munic\u00edpios. H\u00e1 cotas para pessoas pretas e pardas, pessoas com diversidade funcional e e neuro diversas (PCDs), mulheres e pessoas acima de 45 anos. O objetivo do Serratec \u00e9, com novos parceiros, oferecer mais alternativas e oportunidades para quem quer ingressar no promissor mercado de tecnologia, apoiando o surgimento e desenvolvimento de novos profissionais para o setor, fomentar o primeiro emprego, principalmente para jovens, estimular o empreendedorismo e subsidiar o arranjo produtivo regional de tecnologia com a oferta de profissionais qualificados, aumentando a empregabilidade, os novos neg\u00f3cios e o desenvolvimento socioecon\u00f4mico regional<\/p>\n\n\n\n<p>A Resid\u00eancia em TIC<br>A Resid\u00eancia em TIC do Serratec \u00e9 um programa \u00e1gil de imers\u00e3o tecnol\u00f3gica, conceitual-pr\u00e1tico, gratuito e de alto impacto socioecon\u00f4mico na Regi\u00e3o Serrana do Estado do Rio de Janeiro. Ao longo dos seus cinco anos, mais de 1300 pessoas j\u00e1 qualificadas com \u00edndice de contrata\u00e7\u00e3o imediata que supera os 50%. Cicilia Paraquett, coordenadora dos Programas de Qualifica\u00e7\u00e3o do Serratec, destaca alguns pontos de sucesso do Programa: &#8220;O que temos colhido dessa experi\u00eancia \u00e9 que [o programa] tem e feito a diferen\u00e7a, tem transformado vidas, n\u00e3o apenas dos residentes, mas tamb\u00e9m das suas fam\u00edlias. A integra\u00e7\u00e3o entre a iniciativa privada, o poder p\u00fablico, as institui\u00e7\u00f5es de ensino e pesquisa s\u00e3o fundamentais para o sucesso da iniciativa. Outro diferencial est\u00e1 em n\u00e3o focar apenas no conhecimento t\u00e9cnico, mas tamb\u00e9m garantir o desenvolvimento das soft skills, tendo as pessoas no centro do processo de aprendizagem&#8221;, ressalta.<\/p>\n\n\n\n<p>O Programa \u00e9 direcionado para preparar profissionais no desenvolvimento na \u00e1rea de tecnologia e aumentar a oferta de trabalhadores qualificados. Os cursos aliam conhecimento te\u00f3rico e pr\u00e1tico, para o aprendizado de linguagens de programa\u00e7\u00e3o e outras compet\u00eancias digitais. Al\u00e9m do conhecimento nas tecnologias abordadas, os alunos t\u00eam oportunidade de aprofundar e desenvolver soft skills, que s\u00e3o habilidades comportamentais e compet\u00eancias interpessoais fundamentais para o desenvolvimento profissional.<br>Outras informa\u00e7\u00f5es no Instagram @serratecoficial. O edital e o link para as inscri\u00e7\u00f5es podem ser encontrados em https:\/\/serratec.org\/residencia-stem\/.<\/p>\n\n\n\n<p>Sobre o Serratec<br>O Serratec &#8211; Parque Tecnol\u00f3gico da Regi\u00e3o Serrana tem se destacado na lideran\u00e7a de um dos principais ecossistemas de tecnologia e inova\u00e7\u00e3o do interior do estado do Rio de Janeiro. Com a miss\u00e3o de transformar vidas atrav\u00e9s da inova\u00e7\u00e3o tecnol\u00f3gica, tem gerado resultados que impactam positivamente o desenvolvimento regional, indicando ser um vetor estrat\u00e9gico para o crescimento socioecon\u00f4mico da regi\u00e3o e do estado nas pr\u00f3ximas d\u00e9cadas. Consubstanciado no modelo de parque tecnol\u00f3gico urbano, aberto e distribu\u00eddo, o Serratec \u00e9 tamb\u00e9m uma Institui\u00e7\u00e3o de Ci\u00eancia e Tecnologia (ICT) privada, sem fins lucrativos e de interesse p\u00fablico, abrangendo os munic\u00edpios de Petr\u00f3polis, Teres\u00f3polis, Nova Friburgo e Areal. Estima-se que o setor regional seja formado por mais de 400 empresas de base tecnol\u00f3gica, que geram mais de cinco mil empregos e faturam mais de 1,1 bilh\u00e3o de reais por ano. O ecossistema do Parque \u00e9 liderado pelo setor empresarial e se beneficia da colabora\u00e7\u00e3o cont\u00ednua entre iniciativa privada, institui\u00e7\u00f5es acad\u00eamicas e de pesquisa, governo e comunidade local, o que tem levado \u00e0 cria\u00e7\u00e3o de parcerias estrat\u00e9gicas nacionais e internacionais. A sinergia entre esses atores fortalece o ciclo de inova\u00e7\u00e3o e o desenvolvimento de solu\u00e7\u00f5es que atendem tanto ao mercado interno quanto \u00e0s demandas globais, evidenciando como \u00e9 poss\u00edvel descentralizar o desenvolvimento tecnol\u00f3gico e tamb\u00e9m promover a inova\u00e7\u00e3o fora dos grandes centros urbanos\u200b. Dentre as iniciativas e resultados gerados pelo Serratec, destacam-se a forma\u00e7\u00e3o de profissionais digitais com impacto social, inova\u00e7\u00e3o tecnol\u00f3gica, crescimento de emprego qualificado e renda na regi\u00e3o, emerg\u00eancia de projetos inovadores multiparceiros, anima\u00e7\u00e3o do arranjo produtivo de tecnologia, novos neg\u00f3cios e competitividade, pesquisa, desenvolvimento e inova\u00e7\u00e3o (PD&amp;I) e fortalecimento do ecossistema regional com forte atua\u00e7\u00e3o em rede.<\/p>\n\n\n\n<p>Sobre a Brisa<br>A BRISA \u2013 Sociedade para o Desenvolvimento da Tecnologia da Informa\u00e7\u00e3o \u00e9 uma organiza\u00e7\u00e3o de mais de 30 anos, com comprovado hist\u00f3rico de sucesso na resolu\u00e7\u00e3o de problemas de base tecnol\u00f3gica por meio do fornecimento de servi\u00e7os de desenvolvimento, integra\u00e7\u00e3o e testes de software multiplataforma. A BRISA, como um Instituto de Ci\u00eancia e Tecnologia, \u00e9 credenciada junto ao MCTI para desenvolver projetos de PD&amp;I \u2013 Pesquisa, Desenvolvimento e Inova\u00e7\u00e3o, no \u00e2mbito da Lei de Inform\u00e1tica, atrav\u00e9s de suas unidades em Bras\u00edlia, Salvador e S\u00e3o Paulo. A BRISA vem executando, com sucesso, o Projeto de Resid\u00eancia em TIC no \u00e2mbito dos Programas e Projetos de Interesse Nacional nas \u00c1reas de Tecnologias da Informa\u00e7\u00e3o e Comunica\u00e7\u00e3o (PPI) do Comit\u00ea da \u00c1rea de Tecnologia da Informa\u00e7\u00e3o \u2013 CATI\/MCTI (Minist\u00e9rio da Ci\u00eancia, Tecnologia e Inova\u00e7\u00f5es) h\u00e1 mais de 2 anos.<\/p>\n","protected":false},"excerpt":{"rendered":"<p>A trilha da Resid\u00eancia, denominada STEM (acr\u00f4nimo em ingl\u00eas para Ci\u00eancia, Tecnologia, Engenharia e Matem\u00e1tica)<\/p>\n","protected":false},"author":2,"featured_media":103266,"comment_status":"open","ping_status":"open","sticky":false,"template":"","format":"standard","meta":{"footnotes":""},"categories":[12],"tags":[],"class_list":["post-103265","post","type-post","status-publish","format-standard","has-post-thumbnail","hentry","category-cidade"],"_links":{"self":[{"href":"https:\/\/tvc16.com\/portal\/wp-json\/wp\/v2\/posts\/103265","targetHints":{"allow":["GET"]}}],"collection":[{"href":"https:\/\/tvc16.com\/portal\/wp-json\/wp\/v2\/posts"}],"about":[{"href":"https:\/\/tvc16.com\/portal\/wp-json\/wp\/v2\/types\/post"}],"author":[{"embeddable":true,"href":"https:\/\/tvc16.com\/portal\/wp-json\/wp\/v2\/users\/2"}],"replies":[{"embeddable":true,"href":"https:\/\/tvc16.com\/portal\/wp-json\/wp\/v2\/comments?post=103265"}],"version-history":[{"count":1,"href":"https:\/\/tvc16.com\/portal\/wp-json\/wp\/v2\/posts\/103265\/revisions"}],"predecessor-version":[{"id":103267,"href":"https:\/\/tvc16.com\/portal\/wp-json\/wp\/v2\/posts\/103265\/revisions\/103267"}],"wp:featuredmedia":[{"embeddable":true,"href":"https:\/\/tvc16.com\/portal\/wp-json\/wp\/v2\/media\/103266"}],"wp:attachment":[{"href":"https:\/\/tvc16.com\/portal\/wp-json\/wp\/v2\/media?parent=103265"}],"wp:term":[{"taxonomy":"category","embeddable":true,"href":"https:\/\/tvc16.com\/portal\/wp-json\/wp\/v2\/categories?post=103265"},{"taxonomy":"post_tag","embeddable":true,"href":"https:\/\/tvc16.com\/portal\/wp-json\/wp\/v2\/tags?post=103265"}],"curies":[{"name":"wp","href":"https:\/\/api.w.org\/{rel}","templated":true}]}}