{"id":103268,"date":"2025-04-28T07:20:00","date_gmt":"2025-04-28T10:20:00","guid":{"rendered":"https:\/\/tvc16.com\/portal\/?p=103268"},"modified":"2025-04-28T09:21:02","modified_gmt":"2025-04-28T12:21:02","slug":"autora-petropolitana-realiza-temporada-em-minas-gerais","status":"publish","type":"post","link":"https:\/\/tvc16.com\/portal\/2025\/04\/28\/autora-petropolitana-realiza-temporada-em-minas-gerais\/","title":{"rendered":"Autora petropolitana realiza temporada em Minas Gerais"},"content":{"rendered":"\n<p>Entre os dias 27 de abril e 1\u00ba de maio, a escritora e produtora cultural Catarina Maul participar\u00e1 de uma temporada de espet\u00e1culos teatrais onde o texto do seu livro Contando e cantando os sonhos de Dumont ser\u00e1 tema do projeto Voa, Dumont, sendo apresentado artisticamente pelo ator Rodrigo Bento e pela musicista D\u00e9bora Alves, ambos de Santos Dumont &#8211; MG.<br>O projeto, que tem produ\u00e7\u00e3o executiva de Catarina Maul, foi um dos finalistas classificados no edital da Pol\u00edtica Nacional Aldir Blanc, organizado pela prefeitura de Santos Dumont.<br>Do projeto, que atender\u00e1 3 escolas municipais de regi\u00f5es perif\u00e9ricas da cidade, ainda constam encontro com a autora do livro, mediado pela ativista cultural mineira Gicele Brittes, entrega de exemplares do livro na vers\u00e3o comum, braile e fonte ampliada para pessoas de baixa vis\u00e3o.<\/p>\n\n\n\n<p>Aproveitando a estadia na cidade, o espet\u00e1culo ainda ser\u00e1 apresentado em mais 3 oportunidades ao longo dessa semana, sendo as escolas Santos Dumont, a Promove e o Centro Cultural da cidade, totalizando 6 apresenta\u00e7\u00f5es em 3 dias.<\/p>\n\n\n\n<p>Para Catarina Maul, realizar a temporada em Santos Dumont, onde o inventor do avi\u00e3o nasceu, \u00e9 alcan\u00e7ar um sonho, pois foi l\u00e1 que a hist\u00f3ria do menino voador come\u00e7ou.<\/p>\n\n\n\n<p>Catarina Maul lan\u00e7ou seu livro para Santos Dumont em 2016. Em 2024, atrav\u00e9s de um outro edital, realizou as edi\u00e7\u00f5es acess\u00edveis. Em 2025, busca bater a marca dos 5 mil exemplares distribu\u00eddos, pois isso prova o interesse dos leitores pela hist\u00f3ria do pa\u00eds.<\/p>\n\n\n\n<p>Sigam o Instagram do livro e acompanhe a temporada.<\/p>\n\n\n\n<p>@contandoecantandodumont<\/p>\n","protected":false},"excerpt":{"rendered":"<p>Entre os dias 27 de abril e 1\u00ba de maio, a escritora e produtora cultural<\/p>\n","protected":false},"author":2,"featured_media":103269,"comment_status":"open","ping_status":"open","sticky":false,"template":"","format":"standard","meta":{"footnotes":""},"categories":[12],"tags":[],"class_list":["post-103268","post","type-post","status-publish","format-standard","has-post-thumbnail","hentry","category-cidade"],"_links":{"self":[{"href":"https:\/\/tvc16.com\/portal\/wp-json\/wp\/v2\/posts\/103268","targetHints":{"allow":["GET"]}}],"collection":[{"href":"https:\/\/tvc16.com\/portal\/wp-json\/wp\/v2\/posts"}],"about":[{"href":"https:\/\/tvc16.com\/portal\/wp-json\/wp\/v2\/types\/post"}],"author":[{"embeddable":true,"href":"https:\/\/tvc16.com\/portal\/wp-json\/wp\/v2\/users\/2"}],"replies":[{"embeddable":true,"href":"https:\/\/tvc16.com\/portal\/wp-json\/wp\/v2\/comments?post=103268"}],"version-history":[{"count":1,"href":"https:\/\/tvc16.com\/portal\/wp-json\/wp\/v2\/posts\/103268\/revisions"}],"predecessor-version":[{"id":103270,"href":"https:\/\/tvc16.com\/portal\/wp-json\/wp\/v2\/posts\/103268\/revisions\/103270"}],"wp:featuredmedia":[{"embeddable":true,"href":"https:\/\/tvc16.com\/portal\/wp-json\/wp\/v2\/media\/103269"}],"wp:attachment":[{"href":"https:\/\/tvc16.com\/portal\/wp-json\/wp\/v2\/media?parent=103268"}],"wp:term":[{"taxonomy":"category","embeddable":true,"href":"https:\/\/tvc16.com\/portal\/wp-json\/wp\/v2\/categories?post=103268"},{"taxonomy":"post_tag","embeddable":true,"href":"https:\/\/tvc16.com\/portal\/wp-json\/wp\/v2\/tags?post=103268"}],"curies":[{"name":"wp","href":"https:\/\/api.w.org\/{rel}","templated":true}]}}