{"id":103274,"date":"2025-04-28T10:40:55","date_gmt":"2025-04-28T13:40:55","guid":{"rendered":"https:\/\/tvc16.com\/portal\/?p=103274"},"modified":"2025-04-28T10:40:56","modified_gmt":"2025-04-28T13:40:56","slug":"agora-e-lei-prioridade-de-matricula-escolar-para-filhos-de-idosos-e-pessoas-com-deficiencia","status":"publish","type":"post","link":"https:\/\/tvc16.com\/portal\/2025\/04\/28\/agora-e-lei-prioridade-de-matricula-escolar-para-filhos-de-idosos-e-pessoas-com-deficiencia\/","title":{"rendered":"AGORA \u00c9 LEI: Prioridade de matr\u00edcula escolar para filhos de idosos e pessoas com defici\u00eancia"},"content":{"rendered":"\n<p>Foi sancionada a Lei n\u00ba 9.016\/25, de autoria do vereador Gil Magno, que garante \u00e0 crian\u00e7a e ao adolescente cujos pais ou respons\u00e1veis sejam pessoas com defici\u00eancia ou com idade igual ou superior a 60 anos a prioridade de vaga em unidade da rede p\u00fablica municipal de ensino mais pr\u00f3xima de sua resid\u00eancia. O objetivo da medida \u00e9 garantir maior acessibilidade \u00e0 educa\u00e7\u00e3o para aqueles que enfrentam desafios relacionados ao deslocamento ou \u00e0 inclus\u00e3o, buscando, assim, minimizar dificuldades enfrentadas por essas fam\u00edlias.<\/p>\n\n\n\n<p>Para garantir o direito, os respons\u00e1veis dever\u00e3o solicitar a prioridade de vaga junto \u00e0 Secretaria de Educa\u00e7\u00e3o ou diretamente na unidade escolar, apresentando a documenta\u00e7\u00e3o necess\u00e1ria para a matr\u00edcula, comprovantes de defici\u00eancia ou idade avan\u00e7ada dos respons\u00e1veis, al\u00e9m de comprovante de resid\u00eancia.<\/p>\n\n\n\n<p>A legislatura visa promover a inclus\u00e3o e o acesso \u00e0 educa\u00e7\u00e3o, respeitando as condi\u00e7\u00f5es especiais de pessoas com defici\u00eancia ou idosas. A medida se baseia no princ\u00edpio de prote\u00e7\u00e3o e prioriza\u00e7\u00e3o legal j\u00e1 estabelecido para esses grupos, estendendo essa prote\u00e7\u00e3o \u00e0 educa\u00e7\u00e3o de seus filhos ou tutelados.<\/p>\n\n\n\n<p>Gil Magno destaca que a educa\u00e7\u00e3o \u00e9 um direito fundamental e que a medida busca equalizar as oportunidades de acesso, reduzindo dificuldades de mobilidade e proporcionando um atendimento mais adequado \u00e0s necessidades dessas fam\u00edlias. &#8220;Essa \u00e9 uma importante vit\u00f3ria para a inclus\u00e3o social e a garantia de direitos, refor\u00e7ando a import\u00e2ncia de pol\u00edticas p\u00fablicas que atendam de forma igualit\u00e1ria as diversas realidades da popula\u00e7\u00e3o&#8221;, enfatiza o vereador.<\/p>\n\n\n\n<p><\/p>\n","protected":false},"excerpt":{"rendered":"<p>Foi sancionada a Lei n\u00ba 9.016\/25, de autoria do vereador Gil Magno, que garante \u00e0<\/p>\n","protected":false},"author":2,"featured_media":86313,"comment_status":"open","ping_status":"open","sticky":false,"template":"","format":"standard","meta":{"footnotes":""},"categories":[12],"tags":[],"class_list":["post-103274","post","type-post","status-publish","format-standard","has-post-thumbnail","hentry","category-cidade"],"_links":{"self":[{"href":"https:\/\/tvc16.com\/portal\/wp-json\/wp\/v2\/posts\/103274","targetHints":{"allow":["GET"]}}],"collection":[{"href":"https:\/\/tvc16.com\/portal\/wp-json\/wp\/v2\/posts"}],"about":[{"href":"https:\/\/tvc16.com\/portal\/wp-json\/wp\/v2\/types\/post"}],"author":[{"embeddable":true,"href":"https:\/\/tvc16.com\/portal\/wp-json\/wp\/v2\/users\/2"}],"replies":[{"embeddable":true,"href":"https:\/\/tvc16.com\/portal\/wp-json\/wp\/v2\/comments?post=103274"}],"version-history":[{"count":1,"href":"https:\/\/tvc16.com\/portal\/wp-json\/wp\/v2\/posts\/103274\/revisions"}],"predecessor-version":[{"id":103275,"href":"https:\/\/tvc16.com\/portal\/wp-json\/wp\/v2\/posts\/103274\/revisions\/103275"}],"wp:featuredmedia":[{"embeddable":true,"href":"https:\/\/tvc16.com\/portal\/wp-json\/wp\/v2\/media\/86313"}],"wp:attachment":[{"href":"https:\/\/tvc16.com\/portal\/wp-json\/wp\/v2\/media?parent=103274"}],"wp:term":[{"taxonomy":"category","embeddable":true,"href":"https:\/\/tvc16.com\/portal\/wp-json\/wp\/v2\/categories?post=103274"},{"taxonomy":"post_tag","embeddable":true,"href":"https:\/\/tvc16.com\/portal\/wp-json\/wp\/v2\/tags?post=103274"}],"curies":[{"name":"wp","href":"https:\/\/api.w.org\/{rel}","templated":true}]}}