{"id":103276,"date":"2025-04-29T06:41:00","date_gmt":"2025-04-29T09:41:00","guid":{"rendered":"https:\/\/tvc16.com\/portal\/?p=103276"},"modified":"2025-04-28T10:48:35","modified_gmt":"2025-04-28T13:48:35","slug":"marcha-pro-vida-entra-para-o-calendario-oficial-de-petropolis","status":"publish","type":"post","link":"https:\/\/tvc16.com\/portal\/2025\/04\/29\/marcha-pro-vida-entra-para-o-calendario-oficial-de-petropolis\/","title":{"rendered":"Marcha Pr\u00f3-Vida entra para o calend\u00e1rio oficial de Petr\u00f3polis"},"content":{"rendered":"\n<p>Foi sancionada a Lei n\u00ba 9.018\/25, de autoria do vereador Octavio Sampaio, que institui no calend\u00e1rio oficial do munic\u00edpio de Petr\u00f3polis a Marcha Pr\u00f3-Vida, a ser realizada anualmente no terceiro domingo de junho.<\/p>\n\n\n\n<p>Passando a integrar oficialmente o calend\u00e1rio de eventos c\u00edvicos do munic\u00edpio, a iniciativa busca promover a valoriza\u00e7\u00e3o do direito \u00e0 vida desde a concep\u00e7\u00e3o, ampliando o alcance das a\u00e7\u00f5es de conscientiza\u00e7\u00e3o j\u00e1 previstas em legisla\u00e7\u00f5es anteriores, como o Dia Municipal do Nascituro e de Conscientiza\u00e7\u00e3o sobre os Riscos do Aborto, celebrado em 8 de outubro, institu\u00eddo pela Lei n\u00ba 8.285\/2022, tamb\u00e9m de autoria do parlamentar.<\/p>\n\n\n\n<p>\u201cO direito \u00e0 vida \u00e9 um princ\u00edpio fundamental garantido pela Constitui\u00e7\u00e3o Federal e por diversos tratados internacionais dos quais o Brasil \u00e9 signat\u00e1rio. A Marcha Pr\u00f3-Vida \u00e9 um chamado \u00e0 reflex\u00e3o e \u00e0 valoriza\u00e7\u00e3o desse direito desde o ventre materno\u201d, declarou o vereador.<\/p>\n\n\n\n<p>A nova legisla\u00e7\u00e3o se apoia em fundamentos constitucionais e jur\u00eddicos \u2014 como o Artigo 5\u00ba da Constitui\u00e7\u00e3o, o Pacto de S\u00e3o Jos\u00e9 da Costa Rica e o C\u00f3digo Civil Brasileiro \u2014, todos reconhecendo a prote\u00e7\u00e3o da vida desde a concep\u00e7\u00e3o. A proposta ainda destaca os impactos f\u00edsicos e emocionais do aborto induzido e refor\u00e7a a necessidade de a\u00e7\u00f5es p\u00fablicas voltadas \u00e0 educa\u00e7\u00e3o, preven\u00e7\u00e3o e apoio \u00e0 vida.<\/p>\n","protected":false},"excerpt":{"rendered":"<p>Foi sancionada a Lei n\u00ba 9.018\/25, de autoria do vereador Octavio Sampaio, que institui no<\/p>\n","protected":false},"author":2,"featured_media":92939,"comment_status":"open","ping_status":"open","sticky":false,"template":"","format":"standard","meta":{"footnotes":""},"categories":[12],"tags":[],"class_list":["post-103276","post","type-post","status-publish","format-standard","has-post-thumbnail","hentry","category-cidade"],"_links":{"self":[{"href":"https:\/\/tvc16.com\/portal\/wp-json\/wp\/v2\/posts\/103276","targetHints":{"allow":["GET"]}}],"collection":[{"href":"https:\/\/tvc16.com\/portal\/wp-json\/wp\/v2\/posts"}],"about":[{"href":"https:\/\/tvc16.com\/portal\/wp-json\/wp\/v2\/types\/post"}],"author":[{"embeddable":true,"href":"https:\/\/tvc16.com\/portal\/wp-json\/wp\/v2\/users\/2"}],"replies":[{"embeddable":true,"href":"https:\/\/tvc16.com\/portal\/wp-json\/wp\/v2\/comments?post=103276"}],"version-history":[{"count":1,"href":"https:\/\/tvc16.com\/portal\/wp-json\/wp\/v2\/posts\/103276\/revisions"}],"predecessor-version":[{"id":103277,"href":"https:\/\/tvc16.com\/portal\/wp-json\/wp\/v2\/posts\/103276\/revisions\/103277"}],"wp:featuredmedia":[{"embeddable":true,"href":"https:\/\/tvc16.com\/portal\/wp-json\/wp\/v2\/media\/92939"}],"wp:attachment":[{"href":"https:\/\/tvc16.com\/portal\/wp-json\/wp\/v2\/media?parent=103276"}],"wp:term":[{"taxonomy":"category","embeddable":true,"href":"https:\/\/tvc16.com\/portal\/wp-json\/wp\/v2\/categories?post=103276"},{"taxonomy":"post_tag","embeddable":true,"href":"https:\/\/tvc16.com\/portal\/wp-json\/wp\/v2\/tags?post=103276"}],"curies":[{"name":"wp","href":"https:\/\/api.w.org\/{rel}","templated":true}]}}