{"id":103278,"date":"2025-04-28T10:56:41","date_gmt":"2025-04-28T13:56:41","guid":{"rendered":"https:\/\/tvc16.com\/portal\/?p=103278"},"modified":"2025-04-28T10:56:42","modified_gmt":"2025-04-28T13:56:42","slug":"mercado-financeiro-reduz-previsao-da-inflacao-para-555","status":"publish","type":"post","link":"https:\/\/tvc16.com\/portal\/2025\/04\/28\/mercado-financeiro-reduz-previsao-da-inflacao-para-555\/","title":{"rendered":"Mercado financeiro reduz previs\u00e3o da infla\u00e7\u00e3o para 5,55%"},"content":{"rendered":"\n<p><em>Estimativa para o PIB \u00e9 de 2% este ano<\/em><\/p>\n\n\n\n<p>Por Andreia Verd\u00e9lio \u2013 Rep\u00f3rter da Ag\u00eancia Brasil \/ Foto: Marcello Casal Jr\/Ag\u00eancia Brasil\/Arquivo<\/p>\n\n\n\n<p><\/p>\n\n\n\n<p><strong>A previs\u00e3o do mercado financeiro para o \u00cdndice Nacional de Pre\u00e7os ao Consumidor Amplo (IPCA) \u2013 considerado a infla\u00e7\u00e3o oficial do pa\u00eds \u2013 passou de 5,57% para 5,55% este ano<\/strong>. A estimativa est\u00e1 no Boletim Focus desta ter\u00e7a-feira (22), pesquisa divulgada semanalmente, em Bras\u00edlia, pelo Banco Central (BC) com a expectativa de institui\u00e7\u00f5es financeiras para os principais indicadores econ\u00f4micos.<img decoding=\"async\" src=\"https:\/\/agenciabrasil.ebc.com.br\/ebc.png?id=1640534&amp;o=node\"><img decoding=\"async\" src=\"https:\/\/agenciabrasil.ebc.com.br\/ebc.gif?id=1640534&amp;o=node\"><\/p>\n\n\n\n<p><strong>Para 2026, a proje\u00e7\u00e3o da infla\u00e7\u00e3o variou de 4,5% para 4,51%. Para 2027 e 2028, as previs\u00f5es s\u00e3o de 4% e 3,78%, respectivamente<\/strong>.<\/p>\n\n\n\n<p>A estimativa para 2025 est\u00e1 acima do teto da meta de infla\u00e7\u00e3o que deve ser perseguida pelo BC. Definida pelo Conselho Monet\u00e1rio Nacional (CMN), a meta \u00e9 de 3%, com intervalo de toler\u00e2ncia de 1,5 ponto percentual para cima ou para baixo. Ou seja, o limite inferior \u00e9 1,5% e o superior 4,5%.<\/p>\n\n\n\n<p><a href=\"https:\/\/agenciabrasil.ebc.com.br\/economia\/noticia\/2025-04\/inflacao-desacelera-e-fecha-marco-em-056-pressionada-por-alimentos\" target=\"_blank\" rel=\"noreferrer noopener\">Em mar\u00e7o, a infla\u00e7\u00e3o fechou em 0,56%<\/a>, pressionada principalmente pelos pre\u00e7os dos alimentos, de acordo com o Instituto Brasileiro de Geografia e Estat\u00edstica (IBGE). Apesar dessa press\u00e3o, o IPCA perdeu for\u00e7a em rela\u00e7\u00e3o a fevereiro, quando marcou 1,31%. No acumulado em 12 meses, a infla\u00e7\u00e3o soma 5,48%.<\/p>\n\n\n\n<h2 class=\"wp-block-heading\">Juros b\u00e1sicos<\/h2>\n\n\n\n<p><a href=\"https:\/\/agenciabrasil.ebc.com.br\/economia\/noticia\/2025-03\/copom-eleva-juros-basicos-da-economia-para-1425-ao-ano\" target=\"_blank\" rel=\"noreferrer noopener\">Para alcan\u00e7ar a meta de infla\u00e7\u00e3o, o Banco Central usa como principal instrumento a taxa b\u00e1sica de juros, a Selic, definida em 14,25% ao ano<\/a>. A alta do pre\u00e7o dos alimentos e da energia e as incertezas em torno da economia global fizeram o BC aumentar mais uma vez os juros em um ponto percentual na \u00faltima reuni\u00e3o, em mar\u00e7o, o quinto aumento seguido da Selic em um ciclo de contra\u00e7\u00e3o na pol\u00edtica monet\u00e1ria.<\/p>\n\n\n\n<p><strong>Em comunicado, o Copom informou que a economia brasileira est\u00e1 aquecida, apesar de sinais de modera\u00e7\u00e3o na expans\u00e3o<\/strong>. Segundo o BC, a infla\u00e7\u00e3o cheia e os n\u00facleos &#8211; medida que exclui pre\u00e7os mais vol\u00e1teis, como alimentos e energia &#8211; continuam em alta.<\/p>\n\n\n\n<p>O \u00f3rg\u00e3o alertou que existe o risco de que a infla\u00e7\u00e3o de servi\u00e7os permane\u00e7a alta e informou que continuar\u00e1 a monitorar a pol\u00edtica econ\u00f4mica do governo.<\/p>\n\n\n\n<blockquote class=\"wp-block-quote is-layout-flow wp-block-quote-is-layout-flow\">\n<p>Em rela\u00e7\u00e3o \u00e0s pr\u00f3ximas reuni\u00f5es, o Copom informou que elevar\u00e1 a taxa Selic \u201cem menor magnitude\u201d na reuni\u00e3o de maio e n\u00e3o deixou pistas para o que acontecer\u00e1 depois disso.<\/p>\n<\/blockquote>\n\n\n\n<p>At\u00e9 dezembro pr\u00f3ximo, a estimativa do mercado financeiro \u00e9 que a taxa b\u00e1sica suba para 15% ao ano. Para 2026, 2027 e 2028, a previs\u00e3o \u00e9 que ela seja reduzida para 12,5% ao ano, 10,5% ao ano e 10% ao ano, respectivamente.<\/p>\n\n\n\n<p>Quando o Copom aumenta a taxa b\u00e1sica de juros a finalidade \u00e9 conter a demanda aquecida, e isso causa reflexos nos pre\u00e7os porque os juros mais altos encarecem o cr\u00e9dito e estimulam a poupan\u00e7a. Mas, al\u00e9m da Selic, os bancos consideram outros fatores na hora de definir os juros cobrados dos consumidores, como risco de inadimpl\u00eancia, lucro e despesas administrativas. Assim, taxas mais altas tamb\u00e9m podem dificultar a expans\u00e3o da economia.<\/p>\n\n\n\n<p>Quando a taxa Selic \u00e9 reduzida a tend\u00eancia \u00e9 que o cr\u00e9dito fique mais barato, com incentivo \u00e0 produ\u00e7\u00e3o e ao consumo, reduzindo o controle sobre a infla\u00e7\u00e3o e estimulando a atividade econ\u00f4mica.<\/p>\n\n\n\n<h2 class=\"wp-block-heading\">PIB e c\u00e2mbio<\/h2>\n\n\n\n<p><strong>A proje\u00e7\u00e3o das institui\u00e7\u00f5es financeiras para o crescimento da economia brasileira este ano permanece em 2%<\/strong>. Para 2026, a proje\u00e7\u00e3o para o Produto Interno Bruto (PIB &#8211; a soma dos bens e servi\u00e7os produzidos no pa\u00eds) tamb\u00e9m ficou em 1,7%. Para 2027 e 2028, o mercado financeiro estima expans\u00e3o do PIB em 2%, para os dois anos.<\/p>\n\n\n\n<p><a href=\"https:\/\/agenciabrasil.ebc.com.br\/economia\/noticia\/2025-03\/economia-brasileira-cresce-34-em-2024-maior-alta-desde-2021\" target=\"_blank\" rel=\"noreferrer noopener\">Em 2024, a economia brasileira cresceu 3,4%<\/a>. O resultado representa o quarto ano seguido de crescimento, sendo a maior expans\u00e3o desde 2021 quando o PIB alcan\u00e7ou 4,8%.<\/p>\n\n\n\n<p>A previs\u00e3o da cota\u00e7\u00e3o do d\u00f3lar est\u00e1 em R$ 5,90 para o fim deste ano. No fim de 2026, estima-se que a moeda norte-americana fique em R$ 5,95.<br><\/p>\n","protected":false},"excerpt":{"rendered":"<p>Estimativa para o PIB \u00e9 de 2% este ano Por Andreia Verd\u00e9lio \u2013 Rep\u00f3rter da<\/p>\n","protected":false},"author":2,"featured_media":103279,"comment_status":"open","ping_status":"open","sticky":false,"template":"","format":"standard","meta":{"footnotes":""},"categories":[17],"tags":[],"class_list":["post-103278","post","type-post","status-publish","format-standard","has-post-thumbnail","hentry","category-outras-noticias"],"_links":{"self":[{"href":"https:\/\/tvc16.com\/portal\/wp-json\/wp\/v2\/posts\/103278","targetHints":{"allow":["GET"]}}],"collection":[{"href":"https:\/\/tvc16.com\/portal\/wp-json\/wp\/v2\/posts"}],"about":[{"href":"https:\/\/tvc16.com\/portal\/wp-json\/wp\/v2\/types\/post"}],"author":[{"embeddable":true,"href":"https:\/\/tvc16.com\/portal\/wp-json\/wp\/v2\/users\/2"}],"replies":[{"embeddable":true,"href":"https:\/\/tvc16.com\/portal\/wp-json\/wp\/v2\/comments?post=103278"}],"version-history":[{"count":1,"href":"https:\/\/tvc16.com\/portal\/wp-json\/wp\/v2\/posts\/103278\/revisions"}],"predecessor-version":[{"id":103280,"href":"https:\/\/tvc16.com\/portal\/wp-json\/wp\/v2\/posts\/103278\/revisions\/103280"}],"wp:featuredmedia":[{"embeddable":true,"href":"https:\/\/tvc16.com\/portal\/wp-json\/wp\/v2\/media\/103279"}],"wp:attachment":[{"href":"https:\/\/tvc16.com\/portal\/wp-json\/wp\/v2\/media?parent=103278"}],"wp:term":[{"taxonomy":"category","embeddable":true,"href":"https:\/\/tvc16.com\/portal\/wp-json\/wp\/v2\/categories?post=103278"},{"taxonomy":"post_tag","embeddable":true,"href":"https:\/\/tvc16.com\/portal\/wp-json\/wp\/v2\/tags?post=103278"}],"curies":[{"name":"wp","href":"https:\/\/api.w.org\/{rel}","templated":true}]}}