{"id":103281,"date":"2025-04-28T10:57:43","date_gmt":"2025-04-28T13:57:43","guid":{"rendered":"https:\/\/tvc16.com\/portal\/?p=103281"},"modified":"2025-04-28T10:57:43","modified_gmt":"2025-04-28T13:57:43","slug":"conclave-comeca-no-dia-7-de-maio-entenda-como-vai-funcionar","status":"publish","type":"post","link":"https:\/\/tvc16.com\/portal\/2025\/04\/28\/conclave-comeca-no-dia-7-de-maio-entenda-como-vai-funcionar\/","title":{"rendered":"Conclave come\u00e7a no dia 7 de maio; entenda como vai funcionar"},"content":{"rendered":"\n<p><em>Encontro entre cardeais vai ser feito na Capela Sistina do Vaticano<\/em><\/p>\n\n\n\n<p>Por Paula Laboissi\u00e8re \u2013 Rep\u00f3rter da Ag\u00eancia Brasil \/ Foto: Fernando Fraz\u00e3o\/Ag\u00eancia Brasil<\/p>\n\n\n\n<p><\/p>\n\n\n\n<p>O&nbsp;<strong>Vaticano divulgou na manh\u00e3 desta segunda-feira (28) a data de in\u00edcio do pr\u00f3ximo conclave: 7 de maio.<\/strong>&nbsp;Em nota, a&nbsp;<strong>Santa S\u00e9 informou que a data foi definida por cardeais reunidos em Roma para a 5\u00aa Congrega\u00e7\u00e3o Geral.<\/strong><img decoding=\"async\" src=\"https:\/\/agenciabrasil.ebc.com.br\/ebc.png?id=1640537&amp;o=node\"><img decoding=\"async\" src=\"https:\/\/agenciabrasil.ebc.com.br\/ebc.gif?id=1640537&amp;o=node\"><\/p>\n\n\n\n<p>De acordo com o comunicado, o&nbsp;<strong>conclave vai acontecer na Capela Sistina do Vaticano, que permanecer\u00e1 fechada para visitantes at\u00e9 que a elei\u00e7\u00e3o do novo pont\u00edfice, que suceder\u00e1 a Francisco, seja conclu\u00edda.<\/strong><\/p>\n\n\n\n<h2 class=\"wp-block-heading\">Passo a passo<\/h2>\n\n\n\n<p>Segundo o Vaticano, o&nbsp;<strong>conclave ser\u00e1 precedido por uma celebra\u00e7\u00e3o eucar\u00edstica solene, com a missa Pro Eligendo Papa, com a presen\u00e7a dos cardeais eleitores.&nbsp;<\/strong>No per\u00edodo da tarde, eles seguem em prociss\u00e3o solene at\u00e9 a Capela Sistina.<\/p>\n\n\n\n<blockquote class=\"wp-block-quote is-layout-flow wp-block-quote-is-layout-flow\">\n<p>Ao final da prociss\u00e3o, j\u00e1 dentro da Capela Sistina, cada cardeal eleitor prestar\u00e1 juramento. \u201cPor meio desse juramento, eles se comprometem, se eleitos, a cumprir fielmente o<em>&nbsp;munus petrinum<\/em>&nbsp;(minist\u00e9rio petrino, na tradu\u00e7\u00e3o livre) como pastor da Igreja Universal\u201d.<\/p>\n<\/blockquote>\n\n\n\n<p>Os&nbsp;<strong>cardeais eleitores tamb\u00e9m se comprometem a manter absoluto sigilo sobre tudo o que se relaciona ao pleito<\/strong>&nbsp;e a se abster de apoiar qualquer tentativa de interfer\u00eancia externa na elei\u00e7\u00e3o.<\/p>\n\n\n\n<p>Neste momento, o mestre de Celebra\u00e7\u00f5es Lit\u00fargicas Pontif\u00edcias proclama extra&nbsp;<em>omnes<\/em>&nbsp;e todos que n\u00e3o fazem parte do conclave devem deixar a Capela Sistina. Permanecem no local apenas o pr\u00f3prio mestre e o eclesi\u00e1stico designado para proferir a segunda medita\u00e7\u00e3o.<\/p>\n\n\n\n<blockquote class=\"wp-block-quote is-layout-flow wp-block-quote-is-layout-flow\">\n<p>\u201cEssa medita\u00e7\u00e3o foca na grande responsabilidade que recai sobre os eleitores e na necessidade de se agir com inten\u00e7\u00f5es puras para o bem da Igreja Universal, mantendo somente Deus diante de seus olhos.\u201d<\/p>\n<\/blockquote>\n\n\n\n<p>Uma vez&nbsp;<strong>proferida a medita\u00e7\u00e3o, tanto o eclesi\u00e1stico quanto o mestre das Celebra\u00e7\u00f5es Lit\u00fargicas Pontif\u00edcias tamb\u00e9m se retiram.<\/strong><\/p>\n\n\n\n<p>Os&nbsp;<strong>cardeais eleitores recitam ora\u00e7\u00f5es&nbsp;e ouvem o cardeal decano, que pergunta se est\u00e3o prontos para prosseguir com a vota\u00e7\u00e3o ou se h\u00e1 algum esclarecimento necess\u00e1rio sobre regras e procedimentos.<\/strong><\/p>\n\n\n\n<blockquote class=\"wp-block-quote is-layout-flow wp-block-quote-is-layout-flow\">\n<p>\u201cDurante todo o processo eleitoral, os cardeais eleitores devem abster-se de enviar cartas ou manter conversas, incluindo telefonemas, exceto em casos de extrema urg\u00eancia.\u201d<\/p>\n<\/blockquote>\n\n\n\n<p>Segundo a Santa S\u00e9,&nbsp;<strong>eles tamb\u00e9m n\u00e3o est\u00e3o autorizados a enviar ou receber mensagens de qualquer tipo, receber jornais ou revistas de qualquer natureza ou acompanhar transmiss\u00f5es de r\u00e1dio ou televis\u00e3o.<\/strong><\/p>\n\n\n\n<h2 class=\"wp-block-heading\">Votos necess\u00e1rios<\/h2>\n\n\n\n<p>De acordo com o Vaticano, para eleger validamente um novo papa, \u00e9 preciso uma maioria de dois ter\u00e7os dos cardeais eleitores presentes.&nbsp;<strong>Se o n\u00famero total n\u00e3o for divis\u00edvel por tr\u00eas, ser\u00e1 necess\u00e1rio um voto adicional.<\/strong><\/p>\n\n\n\n<blockquote class=\"wp-block-quote is-layout-flow wp-block-quote-is-layout-flow\">\n<p>\u201cSe a vota\u00e7\u00e3o come\u00e7ar na tarde do primeiro dia, haver\u00e1 apenas uma vota\u00e7\u00e3o. Nos dias subsequentes, duas vota\u00e7\u00f5es ser\u00e3o realizadas pela manh\u00e3 e duas \u00e0 tarde\u201d, destacou.<\/p>\n<\/blockquote>\n\n\n\n<p>Ap\u00f3s a contagem dos votos, todas as c\u00e9dulas s\u00e3o queimadas. Se a&nbsp;<strong>vota\u00e7\u00e3o for inconclusiva, uma chamin\u00e9 posicionada sobre a Capela Sistina emite fuma\u00e7a preta<\/strong>. Se um&nbsp;<strong>novo papa for eleito, fuma\u00e7a branca sair\u00e1 da chamin\u00e9.<\/strong><\/p>\n\n\n\n<p>Caso os&nbsp;<strong>cardeais eleitores n\u00e3o cheguem a um acordo ap\u00f3s tr\u00eas dias de vota\u00e7\u00e3o, \u00e9 concedido um intervalo de at\u00e9 um dia para ora\u00e7\u00e3o,<\/strong>&nbsp;livre discuss\u00e3o entre os eleitores e uma breve exorta\u00e7\u00e3o espiritual do cardeal protodi\u00e1cono Dominique Mamberti.<\/p>\n\n\n\n<h2 class=\"wp-block-heading\">Pont\u00edfice eleito<\/h2>\n\n\n\n<p>Assim que a&nbsp;<strong>elei\u00e7\u00e3o do novo papa \u00e9 conclu\u00edda, o \u00faltimo dos cardeais di\u00e1conos chama \u00e0 Capela Sistina o secret\u00e1rio do Col\u00e9gio Cardinal\u00edcio e o mestre das Celebra\u00e7\u00f5es Lit\u00fargicas Pontif\u00edcias.<\/strong><\/p>\n\n\n\n<blockquote class=\"wp-block-quote is-layout-flow wp-block-quote-is-layout-flow\">\n<p>O decano do col\u00e9gio, cardeal Giovanni Battista Re, falando em nome de todos os cardeais eleitores, solicita o consentimento do candidato eleito com as seguintes palavras: \u201cAceita a sua elei\u00e7\u00e3o can\u00f4nica como sumo pont\u00edfice?\u201d<\/p>\n<\/blockquote>\n\n\n\n<blockquote class=\"wp-block-quote is-layout-flow wp-block-quote-is-layout-flow\">\n<p>Ap\u00f3s receber o consentimento, ele pergunta: \u201cQual nome deseja ser chamado?\u201d<\/p>\n<\/blockquote>\n\n\n\n<p>Dois oficiais cerimoniais, como testemunhas,&nbsp;<strong>redigem o documento de aceita\u00e7\u00e3o e registram o nome escolhido.<\/strong><\/p>\n\n\n\n<blockquote class=\"wp-block-quote is-layout-flow wp-block-quote-is-layout-flow\">\n<p>\u201cA partir deste momento, o papa rec\u00e9m-eleito adquire plena e suprema autoridade sobre a Igreja Universal. O conclave termina imediatamente neste ponto\u201d, destacou o Vaticano.<\/p>\n<\/blockquote>\n\n\n\n<p>Os&nbsp;<strong>cardeais eleitores, ent\u00e3o, prestam homenagem, juram obedi\u00eancia ao novo papa e agradecem a Deus.<\/strong><\/p>\n\n\n\n<blockquote class=\"wp-block-quote is-layout-flow wp-block-quote-is-layout-flow\">\n<p>O cardeal protodi\u00e1cono anuncia aos fi\u00e9is a conclus\u00e3o da elei\u00e7\u00e3o e o nome do novo pont\u00edfice com a famosa frase: \u201c<em>Annuntio vobis gaudium Magnum; habemus papam<\/em>&nbsp;(Anuncio-vos uma grande alegria; temos um papa, na tradu\u00e7\u00e3o livre)\u201d.<\/p>\n<\/blockquote>\n\n\n\n<p>Imediatamente,<strong>&nbsp;o novo pont\u00edfice concede a b\u00ean\u00e7\u00e3o apost\u00f3lica&nbsp;<em>Urbi et Orbi<\/em>&nbsp;na varanda da Bas\u00edlica de S\u00e3o Pedro<\/strong>.<\/p>\n\n\n\n<p>\u201cO passo final necess\u00e1rio \u00e9 que, ap\u00f3s a solene cerim\u00f4nia de posse do pontificado e dentro de um prazo adequado, o novo papa tome posse formal da Arquibas\u00edlica Patriarcal de S\u00e3o Jo\u00e3o de Latr\u00e3o\u201d, concluiu a Santa S\u00e9.<br><\/p>\n","protected":false},"excerpt":{"rendered":"<p>Encontro entre cardeais vai ser feito na Capela Sistina do Vaticano Por Paula Laboissi\u00e8re \u2013<\/p>\n","protected":false},"author":2,"featured_media":103282,"comment_status":"open","ping_status":"open","sticky":false,"template":"","format":"standard","meta":{"footnotes":""},"categories":[17],"tags":[],"class_list":["post-103281","post","type-post","status-publish","format-standard","has-post-thumbnail","hentry","category-outras-noticias"],"_links":{"self":[{"href":"https:\/\/tvc16.com\/portal\/wp-json\/wp\/v2\/posts\/103281","targetHints":{"allow":["GET"]}}],"collection":[{"href":"https:\/\/tvc16.com\/portal\/wp-json\/wp\/v2\/posts"}],"about":[{"href":"https:\/\/tvc16.com\/portal\/wp-json\/wp\/v2\/types\/post"}],"author":[{"embeddable":true,"href":"https:\/\/tvc16.com\/portal\/wp-json\/wp\/v2\/users\/2"}],"replies":[{"embeddable":true,"href":"https:\/\/tvc16.com\/portal\/wp-json\/wp\/v2\/comments?post=103281"}],"version-history":[{"count":1,"href":"https:\/\/tvc16.com\/portal\/wp-json\/wp\/v2\/posts\/103281\/revisions"}],"predecessor-version":[{"id":103283,"href":"https:\/\/tvc16.com\/portal\/wp-json\/wp\/v2\/posts\/103281\/revisions\/103283"}],"wp:featuredmedia":[{"embeddable":true,"href":"https:\/\/tvc16.com\/portal\/wp-json\/wp\/v2\/media\/103282"}],"wp:attachment":[{"href":"https:\/\/tvc16.com\/portal\/wp-json\/wp\/v2\/media?parent=103281"}],"wp:term":[{"taxonomy":"category","embeddable":true,"href":"https:\/\/tvc16.com\/portal\/wp-json\/wp\/v2\/categories?post=103281"},{"taxonomy":"post_tag","embeddable":true,"href":"https:\/\/tvc16.com\/portal\/wp-json\/wp\/v2\/tags?post=103281"}],"curies":[{"name":"wp","href":"https:\/\/api.w.org\/{rel}","templated":true}]}}