{"id":103284,"date":"2025-04-28T10:58:47","date_gmt":"2025-04-28T13:58:47","guid":{"rendered":"https:\/\/tvc16.com\/portal\/?p=103284"},"modified":"2025-04-28T10:58:48","modified_gmt":"2025-04-28T13:58:48","slug":"um-ano-apos-enchentes-gauchos-celebram-conquista-de-novas-casas","status":"publish","type":"post","link":"https:\/\/tvc16.com\/portal\/2025\/04\/28\/um-ano-apos-enchentes-gauchos-celebram-conquista-de-novas-casas\/","title":{"rendered":"Um ano ap\u00f3s enchentes, ga\u00fachos celebram conquista de novas casas"},"content":{"rendered":"\n<p><em>Compra Assistida atinge 1,5 mil benefici\u00e1rios, mas demanda \u00e9 de 22 mil<\/em><\/p>\n\n\n\n<p>Por Pedro Rafael Vilela &#8211; Rep\u00f3rter da Ag\u00eancia Brasil \/ Foto: Jo\u00e9dson Alves\/Ag\u00eancia\u00a0Brasil<\/p>\n\n\n\n<p><\/p>\n\n\n\n<p>Aos 54 anos, a cozinheira Luciane da Rosa Bairros n\u00e3o conseguiu conter a emo\u00e7\u00e3o ao assinar o contrato e receber as chaves da casa nova. Poderia ser uma hist\u00f3ria t\u00edpica de quem conquista um im\u00f3vel, mas ela \u00e9 uma das milhares de v\u00edtimas das enchentes de maio de 2024, no Rio Grande do Sul. Ex-moradora do bairro Moinhos, em Estrela, no Vale do Taquari, Luciane viu sua casa sucumbir \u00e0 for\u00e7a das \u00e1guas.<img decoding=\"async\" src=\"https:\/\/agenciabrasil.ebc.com.br\/ebc.png?id=1640533&amp;o=node\"><img decoding=\"async\" src=\"https:\/\/agenciabrasil.ebc.com.br\/ebc.gif?id=1640533&amp;o=node\"><\/p>\n\n\n\n<blockquote class=\"wp-block-quote is-layout-flow wp-block-quote-is-layout-flow\">\n<p>&#8220;Tivemos que sair de casa com a roupa do corpo. L\u00e1 n\u00e3o sobrou nada, o bairro foi praticamente varrido do mapa e n\u00f3s perdemos tudo. N\u00e3o tem um dia que eu n\u00e3o penso no meu bairro, nos meus amigos, nos meus vizinhos&#8221;, contou \u00e0&nbsp;<strong>Ag\u00eancia Brasil<\/strong>, sob l\u00e1grimas.<\/p>\n<\/blockquote>\n\n\n\n<figure class=\"wp-block-image\"><img decoding=\"async\" src=\"https:\/\/imagens.ebc.com.br\/tqJBodjR30lwR1MYN31rtUPNxmQ=\/754x0\/smart\/https:\/\/agenciabrasil.ebc.com.br\/sites\/default\/files\/thumbnails\/image\/2025\/04\/28\/_mg_0178.jpg?itok=uv39Hczp\" alt=\"Lajeado (RS), 28\/04\/2025 - Luciane Barros (54 anos), participa da assinatura de contratos, programa compra assistida e rural.\nFoto: Jo\u00e9dson Alves\/Ag\u00eancia Brasil\" title=\"Jo\u00e9dson Alves\/Ag\u00eancia\u00a0Brasil\"\/><\/figure>\n\n\n\n<h6 class=\"wp-block-heading\">Luciane Barros (54 anos)&nbsp;retoma a rotina ap\u00f3s viver 12 meses em abrigos e casas alugadas &#8211;&nbsp;<strong>Foto Jo\u00e9dson Alves\/Ag\u00eancia&nbsp;Brasil<\/strong><\/h6>\n\n\n\n<p>A reportagem conversou com Luciane em uma ag\u00eancia da Caixa Econ\u00f4mica Federal, na cidade vizinha de Lajeado, na \u00faltima semana. Mas, dessa vez, as l\u00e1grimas eram mais de alegria mesmo.&nbsp;<strong>Ap\u00f3s viver por quase 12 meses entre abrigos e casas alugadas, ela agora pode finalmente retomar a rotina em uma resid\u00eancia pr\u00f3pria, viabilizada por meio do programa de Compra Assistida, uma modalidade criada pelo governo federal para atender \u00e0s v\u00edtimas da cat\u00e1strofe sem precedentes que se abateu sobre a popula\u00e7\u00e3o ga\u00facha no ano passado.<\/strong><\/p>\n\n\n\n<blockquote class=\"wp-block-quote is-layout-flow wp-block-quote-is-layout-flow\">\n<p>&#8220;Ganhei minha casa e, se Deus quiser, vai ser um centro de b\u00ean\u00e7\u00e3os para mim. E n\u00e3o vou mais precisar passar por isso, n\u00e9?&#8221;, acrescentou a cozinheira, que espera dar mais dignidade ao filho e aos dois netos menores de idade, que vivem com ela. A moradia escolhida fica em um bairro bem pr\u00f3ximo do que viviam antes, mas fora da \u00e1rea de risco.<\/p>\n<\/blockquote>\n\n\n\n<h2 class=\"wp-block-heading\">Ritmo de entregas<\/h2>\n\n\n\n<blockquote class=\"wp-block-quote is-layout-flow wp-block-quote-is-layout-flow\">\n<p>&#8220;Essa modalidade do Compra Assistida foi criada especificamente para a trag\u00e9dia aqui do Rio Grande do Sul, e permite que as fam\u00edlias escolham o seu im\u00f3vel em qualquer cidade do estado, desde que preencham&nbsp;os requisitos, no valor de at\u00e9 R$ 200 mil&#8221;, explicou, em entrevista \u00e0&nbsp;<strong>Ag\u00eancia Brasil<\/strong>, o secret\u00e1rio de apoio \u00e0 reconstru\u00e7\u00e3o do Rio Grande do Sul, Maneco Hassen.<\/p>\n<\/blockquote>\n\n\n\n<p>A pasta do governo federal \u00e9 vinculada \u00e0 Casa Civil&nbsp;e sucedeu a Secretaria Especial criada no ano passado, com status de minist\u00e9rio, que vigorou por cerca de cinco meses, durante o estado de calamidade p\u00fablica, tendo o ex-ministro Paulo Pimenta \u00e0 frente da fun\u00e7\u00e3o durante o&nbsp;per\u00edodo.<\/p>\n\n\n\n<p><strong>At\u00e9 o momento, segundo Maneco, foram assinados pouco mais de 1,5 mil contratos do Compra Assistida em todo o estado.<\/strong>&nbsp;Essa estrat\u00e9gia se soma \u00e0 constru\u00e7\u00e3o de novas moradias pelo Minha Casa, Minha Vida, que j\u00e1 autorizou 7,5 mil unidades habitacionais&nbsp;em diferentes est\u00e1gios de constru\u00e7\u00e3o. A necessidade estimada pelo secret\u00e1rio \u00e9 de 22 mil im\u00f3veis para atendera toda a demanda do estado.&nbsp;<\/p>\n\n\n\n<figure class=\"wp-block-image\"><img decoding=\"async\" src=\"https:\/\/imagens.ebc.com.br\/wctCqOzWriPRtey0gGPzoMF_w44=\/754x0\/smart\/https:\/\/agenciabrasil.ebc.com.br\/sites\/default\/files\/thumbnails\/image\/2025\/04\/28\/imgl0003.jpg?itok=BFKxHi1k\" alt=\"Lajeado (RS), 28\/04\/2025 - Secret\u00e1rio para apoio \u00e0 reconstru\u00e7\u00e3o do Rio Grande do Sul (vinculado a Casa Civil), Maneco Hassen, participa da assinatura de contratos, programa compra assistida e rural.\nFoto: Jo\u00e9dson Alves\/Ag\u00eancia Brasil\" title=\"Jo\u00e9dson Alves\/Ag\u00eancia\u00a0Brasil\"\/><\/figure>\n\n\n\n<h6 class=\"wp-block-heading\">O secret\u00e1rio para apoio \u00e0 reconstru\u00e7\u00e3o do Rio Grande do Sul, Maneco Hassen, diz que programa Compra Assistida ganhou ritmo &#8211;&nbsp;<strong>Foto Jo\u00e9dson Alves\/Ag\u00eancia&nbsp;Brasil<\/strong><\/h6>\n\n\n\n<blockquote class=\"wp-block-quote is-layout-flow wp-block-quote-is-layout-flow\">\n<p>&#8220;Depois que a gente alinhou os processos, e que as prefeituras conseguiram nos enviar a maioria dos cadastros e dos laudos comprovando a destrui\u00e7\u00e3o do im\u00f3vel, o programa ganhou ritmo e a gente tem toda semana feito atos de entrega pelo Rio Grande do Sul&#8221;, assegurou Maneco Hassen.<\/p>\n<\/blockquote>\n\n\n\n<h2 class=\"wp-block-heading\">Retomada<\/h2>\n\n\n\n<p>Quem tamb\u00e9m n\u00e3o conteve a emo\u00e7\u00e3o foi o casal Marlize In\u00eas Machado e Celso Ant\u00f4nio Machado. Eles tamb\u00e9m eram moradores de Estrela e viram a correnteza do Rio Taquari destruir completamente os dois terrenos da fam\u00edlia, que inclu\u00edam duas casa, um mercadinho e um apartamento na parte superior do com\u00e9rcio.<\/p>\n\n\n\n<blockquote class=\"wp-block-quote is-layout-flow wp-block-quote-is-layout-flow\">\n<p>&#8220;A gente segue em frente, a luta continua, mas \u00e9 importante recuperar uma parte do que perdemos&#8221;, afirmou Celso.<\/p>\n<\/blockquote>\n\n\n\n<p>Quando a enchente come\u00e7ou, ele decidiu permanecer at\u00e9 o \u00faltimo momento, mas saiu alertado por t\u00e9cnicos da Defesa Civil. Um de seus vizinhos decidiu ficar e at\u00e9 hoje est\u00e1 desaparecido. A nova casa est\u00e1 localizada na mesma cidade, mas em uma zona segura.<\/p>\n\n\n\n<blockquote class=\"wp-block-quote is-layout-flow wp-block-quote-is-layout-flow\">\n<p>&#8220;Se eu tivesse ficado l\u00e1 tamb\u00e9m n\u00e3o estaria aqui hoje. Eu agrade\u00e7o muito o governo e todo mundo que nos ajudou&#8221;, acrescentou. &nbsp;<\/p>\n<\/blockquote>\n\n\n\n<p>Da zona rural de Progresso, outro munic\u00edpio da regi\u00e3o do Vale do Taquari,&nbsp;<strong>o agricultor Sin\u00edrio Schneiger, de 70 anos, vai receber recursos para reformar sua casa, ap\u00f3s anos suportando intemp\u00e9ries clim\u00e1ticas, como chuvas e seca extrema<\/strong>. Antes da trag\u00e9dia do ano passado, todo o Vale do Taquari tinha sofrido duas enchentes seguidas, em setembro e novembro de 2023, que levaram 54 vidas.<\/p>\n\n\n\n<figure class=\"wp-block-image\"><img decoding=\"async\" src=\"https:\/\/imagens.ebc.com.br\/umB659tYoOqkct9iwHI9EgndNO0=\/754x0\/smart\/https:\/\/agenciabrasil.ebc.com.br\/sites\/default\/files\/thumbnails\/image\/2025\/04\/28\/_mg_0087.jpg?itok=EACR12Pr\" alt=\"Lajeado (RS), 28\/04\/2025 - Simirio Schmeiger 70 anos acompanhado de sua esposa, Maria L\u00facia Schmeiger, participam da assinatura de contratos, programa compra assistida e rural.\nFoto: Jo\u00e9dson Alves\/Ag\u00eancia Brasil\" title=\"Jo\u00e9dson Alves\/Ag\u00eancia\u00a0Brasil\"\/><\/figure>\n\n\n\n<h6 class=\"wp-block-heading\">Simirio Schmeiger, 70 anos, acompanhado da&nbsp;esposa&nbsp;Maria L\u00facia Schmeiger, vai receber recursos para reformar&nbsp;sua casa &#8211;&nbsp;Foto Jo\u00e9dson Alves\/Ag\u00eancia&nbsp;Brasil<\/h6>\n\n\n\n<p>&#8220;Passamos a vida inteira na ro\u00e7a&nbsp;e, por causa das dificuldades, n\u00e3o pudemos fazer uma reforma na casa, e deu muita chuvarada e tempestade [nos \u00faltimos anos]&#8221;, contou Sin\u00edrio, pouco depois de assinar um contrato de subven\u00e7\u00e3o de R$ 46 mil na modalidade Minha Casa, Minha Vida Calamidade, criada justamente para atender camponeses que sofreram situa\u00e7\u00f5es de calamidade em 2023. Essa modalidade contempla tanto a reforma quanto a constru\u00e7\u00e3o de nova casa, essa \u00faltima no valor de R$ 86 mil.<\/p>\n\n\n\n<blockquote class=\"wp-block-quote is-layout-flow wp-block-quote-is-layout-flow\">\n<p>&#8220;A gente sabe que toda fam\u00edlia que tem um lar volta a ter dignidade, esperan\u00e7a,&nbsp;uma energia para olhar pra&nbsp;frente e refazer a vida&#8221;, afirmou Caio Santana, da Cooperativa de Habita\u00e7\u00e3o Camponesa, vinculada ao Movimento de Pequenos Agricultores (MPA) no Rio Grande do Sul.<\/p>\n<\/blockquote>\n\n\n\n<figure class=\"wp-block-image\"><img decoding=\"async\" src=\"https:\/\/imagens.ebc.com.br\/H91M2q7Yy3mmnz7OhTvIVqzKKlU=\/754x0\/smart\/https:\/\/agenciabrasil.ebc.com.br\/sites\/default\/files\/thumbnails\/image\/2025\/04\/28\/_mg_0005.jpg?itok=NAcD4s71\" alt=\"Lajeado (RS), 28\/04\/2025 - Presidente da cooperativa camponesa, Caio Santana, participa assinatura de contratos, programa compra assistida e area rural.\nFoto: Jo\u00e9dson Alves\/Ag\u00eancia Brasil\" title=\"Jo\u00e9dson Alves\/Ag\u00eancia\u00a0Brasil\"\/><\/figure>\n\n\n\n<h6 class=\"wp-block-heading\">Presidente da cooperativa camponesa, Caio Santana, diz que fam\u00edlia que tem um lar volta a ter dignidade &#8211;&nbsp;<strong>Foto Jo\u00e9dson Alves\/Ag\u00eancia&nbsp;Brasil<\/strong><\/h6>\n\n\n\n<p>A entidade atua na articula\u00e7\u00e3o com o governo e a Caixa Econ\u00f4mica Federal para viabilizar a concess\u00e3o dos benef\u00edcios.&nbsp;<strong>Ao todo, em todo o estado, cerca de 600 fam\u00edlias ser\u00e3o contempladas com reforma ou constru\u00e7\u00e3o de novas casas por meio desse programa.<\/strong>&nbsp;<br><\/p>\n","protected":false},"excerpt":{"rendered":"<p>Compra Assistida atinge 1,5 mil benefici\u00e1rios, mas demanda \u00e9 de 22 mil Por Pedro Rafael<\/p>\n","protected":false},"author":2,"featured_media":103285,"comment_status":"open","ping_status":"open","sticky":false,"template":"","format":"standard","meta":{"footnotes":""},"categories":[17],"tags":[],"class_list":["post-103284","post","type-post","status-publish","format-standard","has-post-thumbnail","hentry","category-outras-noticias"],"_links":{"self":[{"href":"https:\/\/tvc16.com\/portal\/wp-json\/wp\/v2\/posts\/103284","targetHints":{"allow":["GET"]}}],"collection":[{"href":"https:\/\/tvc16.com\/portal\/wp-json\/wp\/v2\/posts"}],"about":[{"href":"https:\/\/tvc16.com\/portal\/wp-json\/wp\/v2\/types\/post"}],"author":[{"embeddable":true,"href":"https:\/\/tvc16.com\/portal\/wp-json\/wp\/v2\/users\/2"}],"replies":[{"embeddable":true,"href":"https:\/\/tvc16.com\/portal\/wp-json\/wp\/v2\/comments?post=103284"}],"version-history":[{"count":1,"href":"https:\/\/tvc16.com\/portal\/wp-json\/wp\/v2\/posts\/103284\/revisions"}],"predecessor-version":[{"id":103286,"href":"https:\/\/tvc16.com\/portal\/wp-json\/wp\/v2\/posts\/103284\/revisions\/103286"}],"wp:featuredmedia":[{"embeddable":true,"href":"https:\/\/tvc16.com\/portal\/wp-json\/wp\/v2\/media\/103285"}],"wp:attachment":[{"href":"https:\/\/tvc16.com\/portal\/wp-json\/wp\/v2\/media?parent=103284"}],"wp:term":[{"taxonomy":"category","embeddable":true,"href":"https:\/\/tvc16.com\/portal\/wp-json\/wp\/v2\/categories?post=103284"},{"taxonomy":"post_tag","embeddable":true,"href":"https:\/\/tvc16.com\/portal\/wp-json\/wp\/v2\/tags?post=103284"}],"curies":[{"name":"wp","href":"https:\/\/api.w.org\/{rel}","templated":true}]}}