{"id":103290,"date":"2025-04-28T11:01:09","date_gmt":"2025-04-28T14:01:09","guid":{"rendered":"https:\/\/tvc16.com\/portal\/?p=103290"},"modified":"2025-04-28T11:01:10","modified_gmt":"2025-04-28T14:01:10","slug":"escola-da-rede-estadual-em-areal-utiliza-cao-para-oferecer-suporte-emocional-aos-alunos-com-crise-de-ansiedade","status":"publish","type":"post","link":"https:\/\/tvc16.com\/portal\/2025\/04\/28\/escola-da-rede-estadual-em-areal-utiliza-cao-para-oferecer-suporte-emocional-aos-alunos-com-crise-de-ansiedade\/","title":{"rendered":"Escola da rede estadual em Areal utiliza c\u00e3o para oferecer suporte emocional aos alunos com crise de ansiedade"},"content":{"rendered":"\n<p><em>Animal atua como mediador afetivo e faz a comunidade escolar se sentir acolhida<\/em><\/p>\n\n\n\n<p>J\u00e1 imaginou estudar com a companhia de um amigo de quatro patas e encontrar nele apoio para vencer suas crises socioemocionais? \u00c9 isso que est\u00e1 acontecendo no CB PM Elis\u00e2ngela Bessa Cordeiro, em Areal, no Centro-Sul Fluminense. O c\u00e3o Krieg, de 2 anos, da ra\u00e7a Schnauzer, de origem alem\u00e3, desenvolve o trabalho afetivo de assistir os estudantes que passam por crises de ansiedade, depress\u00e3o e comportamentos disruptivos, a fim de que eles se sintam acolhidos.<\/p>\n\n\n\n<p>\u2013 Krieg atua como um mediador emocional, e sua presen\u00e7a proporciona conforto em momentos de ang\u00fastia, reduzindo os n\u00edveis de estresse e ansiedade. O contato com ele estimula o desenvolvimento de habilidades como empatia, responsabilidade e autorregula\u00e7\u00e3o emocional. Al\u00e9m disso, sua presen\u00e7a aqui \u00e9 importante para estudantes que enfrentam dificuldades sociais, promovendo intera\u00e7\u00f5es mais saud\u00e1veis no ambiente escolar \u2013 diz a orientadora militar Caliandra Calisto, adida da Pol\u00edcia Militar do Rio de Janeiro, que trabalha na escola c\u00edvico-militar.&nbsp;<\/p>\n\n\n\n<p>Desde que o c\u00e3o chegou \u00e0 escola h\u00e1 dois anos, a rotina nos corredores do col\u00e9gio mudou. Krieg tamb\u00e9m tem contribu\u00eddo, efetivamente, para a transforma\u00e7\u00e3o da vida de diversos estudantes. \u00c9 o caso de Eduarda Ramos, de 15 anos, aluna da 1\u00aa s\u00e9rie do Ensino M\u00e9dio. Ela acredita que sua amizade com o animal \u00e9 mais do que verdadeira.&nbsp;<\/p>\n\n\n\n<p>\u2013 Sempre tive crises de ansiedade e, \u00e0s vezes, parecia que ningu\u00e9m entendia o que eu estava passando. Mas o Krieg sempre percebe quando n\u00e3o estou bem. Ele vem, deita do meu lado e me acalma, sem precisar de palavras \u2013 conta a estudante.&nbsp;<\/p>\n\n\n\n<p>De acordo com o 2\u00ba sargento PM Jo\u00e3o Paulo Silva de Souza, a vinda do animal trouxe impactos positivos para a escola, possibilitando conex\u00f5es e trocas mais significativas.&nbsp;<\/p>\n\n\n\n<p>\u2013 Houve uma redu\u00e7\u00e3o nas crises de ansiedade e epis\u00f3dios de agressividade entre os alunos. Al\u00e9m disso, os estudantes demonstram maior senso de empatia e respeito, o que contribuiu para um ambiente mais harmonioso e acolhedor \u2013 destaca o policial militar.<\/p>\n\n\n\n<p>J\u00e1 para Kau\u00e3 da Silva, estudante do 7\u00ba ano do Ensino Fundamental II, a troca com o c\u00e3o possibilitou que ele se tornasse menos agitado e mais paciente.&nbsp;<\/p>\n\n\n\n<p>\u2013 Sempre tive dificuldade para me concentrar. Quando comecei a cuidar do Krieg, percebi que precisava ser mais respons\u00e1vel. Ele me ensinou e me ensina todos os dias a ter mais paci\u00eancia e a entender melhor as minhas emo\u00e7\u00f5es. Agora, me sinto mais confiante \u2013 afirma Kau\u00e3, que cuida do c\u00e3ozinho, ao lado de mais tr\u00eas estudantes.&nbsp;<\/p>\n\n\n\n<p><strong>Saiba mais sobre Krieg<\/strong><\/p>\n\n\n\n<p>Carinhoso, brincalh\u00e3o e amigo. Estas s\u00e3o as principais caracter\u00edsticas de Krieg, um cachorro que foi treinado pelo Verum Canibus, um canil especializado localizado na cidade de Para\u00edba do Sul, no Sul Fluminense, para atuar na Cinoterapia (Terapia Assistida por C\u00e3es), com foco especial no suporte \u00e0 crise de ansiedade.<\/p>\n\n\n\n<p>\u2013 A sa\u00fade mental dos nossos alunos, professores, servidores e de toda comunidade escolar da rede \u00e9 uma preocupa\u00e7\u00e3o do nosso governo, por isso estamos criando diversas a\u00e7\u00f5es que giram em torno desta vertente. Olhar a implementa\u00e7\u00e3o de iniciativas como essa demonstra que estamos no caminho certo \u2013 destaca a secret\u00e1ria de Estado de Educa\u00e7\u00e3o, Roberta Barreto.<\/p>\n","protected":false},"excerpt":{"rendered":"<p>Animal atua como mediador afetivo e faz a comunidade escolar se sentir acolhida J\u00e1 imaginou<\/p>\n","protected":false},"author":2,"featured_media":103291,"comment_status":"open","ping_status":"open","sticky":false,"template":"","format":"standard","meta":{"footnotes":""},"categories":[17],"tags":[],"class_list":["post-103290","post","type-post","status-publish","format-standard","has-post-thumbnail","hentry","category-outras-noticias"],"_links":{"self":[{"href":"https:\/\/tvc16.com\/portal\/wp-json\/wp\/v2\/posts\/103290","targetHints":{"allow":["GET"]}}],"collection":[{"href":"https:\/\/tvc16.com\/portal\/wp-json\/wp\/v2\/posts"}],"about":[{"href":"https:\/\/tvc16.com\/portal\/wp-json\/wp\/v2\/types\/post"}],"author":[{"embeddable":true,"href":"https:\/\/tvc16.com\/portal\/wp-json\/wp\/v2\/users\/2"}],"replies":[{"embeddable":true,"href":"https:\/\/tvc16.com\/portal\/wp-json\/wp\/v2\/comments?post=103290"}],"version-history":[{"count":1,"href":"https:\/\/tvc16.com\/portal\/wp-json\/wp\/v2\/posts\/103290\/revisions"}],"predecessor-version":[{"id":103292,"href":"https:\/\/tvc16.com\/portal\/wp-json\/wp\/v2\/posts\/103290\/revisions\/103292"}],"wp:featuredmedia":[{"embeddable":true,"href":"https:\/\/tvc16.com\/portal\/wp-json\/wp\/v2\/media\/103291"}],"wp:attachment":[{"href":"https:\/\/tvc16.com\/portal\/wp-json\/wp\/v2\/media?parent=103290"}],"wp:term":[{"taxonomy":"category","embeddable":true,"href":"https:\/\/tvc16.com\/portal\/wp-json\/wp\/v2\/categories?post=103290"},{"taxonomy":"post_tag","embeddable":true,"href":"https:\/\/tvc16.com\/portal\/wp-json\/wp\/v2\/tags?post=103290"}],"curies":[{"name":"wp","href":"https:\/\/api.w.org\/{rel}","templated":true}]}}