{"id":103298,"date":"2025-04-28T12:17:54","date_gmt":"2025-04-28T15:17:54","guid":{"rendered":"https:\/\/tvc16.com\/portal\/?p=103298"},"modified":"2025-04-28T12:17:55","modified_gmt":"2025-04-28T15:17:55","slug":"caminhada-azul-reune-centenas-de-pessoas-nas-ruas-do-centro-historico","status":"publish","type":"post","link":"https:\/\/tvc16.com\/portal\/2025\/04\/28\/caminhada-azul-reune-centenas-de-pessoas-nas-ruas-do-centro-historico\/","title":{"rendered":"Caminhada Azul re\u00fane centenas de pessoas nas ruas do Centro Hist\u00f3rico"},"content":{"rendered":"\n<p>Centenas de pessoas participaram da Caminhada Azul, realizada na manh\u00e3 do domingo (27\/04). O evento, promovido pelo Grupo Amigos do Autista de Petr\u00f3polis (GAAPE) e com parceria da Prefeitura de Petr\u00f3polis, celebra o Dia Mundial de Conscientiza\u00e7\u00e3o do Autismo (02\/04). A caminhada tem como objetivo chamar a aten\u00e7\u00e3o para o dia a dia da pessoa com Transtorno de Espectro Autista (TEA), promover a inclus\u00e3o e coibir o preconceito.<\/p>\n\n\n\n<p>&#8220;Foi um momento muito especial de inclus\u00e3o e respeito. \u00c9 um importante chamarmos a aten\u00e7\u00e3o para uma causa t\u00e3o importante que envolve tanto o poder p\u00fablico quanto a sociedade civil&#8221;, disse o prefeito Hingo Hammes.<\/p>\n\n\n\n<p>A caminhada se concentrou na Pra\u00e7a Dom Pedro e seguiu pelas ruas do Centro Hist\u00f3rico at\u00e9 o Pal\u00e1cio de Cristal. \u201cDia de felicidade. \u00c9 uma honra e alegria poder mostrar nossas fam\u00edlias, nossas crian\u00e7as, adolescentes e adultos. Dia de falar de inclus\u00e3o, de respeito, de acolhimento, de amor e carinho\u201d, frisou M\u00e1rcia da Silva Loureiro, fundadora e coordenadora t\u00e9cnica geral do GAAPE.<\/p>\n\n\n\n<p>\u201cComo pais \u00e9 importante esse movimento para as pessoas estarem mais integradas e saber mais sobre o autismo. \u00c9 importante para todos se sentirem inclu\u00eddos\u201d, disse Tha\u00eds Marcelino, m\u00e3e de autista e que participou da caminhada ao lado da fam\u00edlia.<\/p>\n","protected":false},"excerpt":{"rendered":"<p>Centenas de pessoas participaram da Caminhada Azul, realizada na manh\u00e3 do domingo (27\/04). O evento,<\/p>\n","protected":false},"author":2,"featured_media":103301,"comment_status":"open","ping_status":"open","sticky":false,"template":"","format":"standard","meta":{"footnotes":""},"categories":[12],"tags":[],"class_list":["post-103298","post","type-post","status-publish","format-standard","has-post-thumbnail","hentry","category-cidade"],"_links":{"self":[{"href":"https:\/\/tvc16.com\/portal\/wp-json\/wp\/v2\/posts\/103298","targetHints":{"allow":["GET"]}}],"collection":[{"href":"https:\/\/tvc16.com\/portal\/wp-json\/wp\/v2\/posts"}],"about":[{"href":"https:\/\/tvc16.com\/portal\/wp-json\/wp\/v2\/types\/post"}],"author":[{"embeddable":true,"href":"https:\/\/tvc16.com\/portal\/wp-json\/wp\/v2\/users\/2"}],"replies":[{"embeddable":true,"href":"https:\/\/tvc16.com\/portal\/wp-json\/wp\/v2\/comments?post=103298"}],"version-history":[{"count":1,"href":"https:\/\/tvc16.com\/portal\/wp-json\/wp\/v2\/posts\/103298\/revisions"}],"predecessor-version":[{"id":103302,"href":"https:\/\/tvc16.com\/portal\/wp-json\/wp\/v2\/posts\/103298\/revisions\/103302"}],"wp:featuredmedia":[{"embeddable":true,"href":"https:\/\/tvc16.com\/portal\/wp-json\/wp\/v2\/media\/103301"}],"wp:attachment":[{"href":"https:\/\/tvc16.com\/portal\/wp-json\/wp\/v2\/media?parent=103298"}],"wp:term":[{"taxonomy":"category","embeddable":true,"href":"https:\/\/tvc16.com\/portal\/wp-json\/wp\/v2\/categories?post=103298"},{"taxonomy":"post_tag","embeddable":true,"href":"https:\/\/tvc16.com\/portal\/wp-json\/wp\/v2\/tags?post=103298"}],"curies":[{"name":"wp","href":"https:\/\/api.w.org\/{rel}","templated":true}]}}