{"id":10330,"date":"2021-02-12T00:11:50","date_gmt":"2021-02-12T03:11:50","guid":{"rendered":"https:\/\/tvc16.com\/portal\/?p=10330"},"modified":"2021-02-12T00:11:53","modified_gmt":"2021-02-12T03:11:53","slug":"polo-cederj-em-teresopolis-foi-inaugurado-nesta-quinta-feira","status":"publish","type":"post","link":"https:\/\/tvc16.com\/portal\/2021\/02\/12\/polo-cederj-em-teresopolis-foi-inaugurado-nesta-quinta-feira\/","title":{"rendered":"Polo Cederj, em Teres\u00f3polis, foi inaugurado nesta quinta-feira"},"content":{"rendered":"\n<p><br>O Polo Cederj Teres\u00f3polis foi inaugurado nesta quinta-feira (11)\u00a0\u00a0pelo grupo de trabalho formado para acompanhar as a\u00e7\u00f5es planejadas durante as a\u00e7\u00f5es do Governo Presente. Esse \u00e9 35\u00ba no estado e onde a Universidade do Estado do Rio de Janeiro (Uerj) vai oferecer os cursos de Geografia e Pedagogia j\u00e1 no primeiro semestre deste ano.\u00a0A iniciativa \u00e9 realizada por meio de um termo de coopera\u00e7\u00e3o assinado entre a Funda\u00e7\u00e3o Cecierj, \u00f3rg\u00e3o vinculado \u00e0 Secretaria de Estado de Ci\u00eancia, Tecnologia e Inova\u00e7\u00e3o (SECTI) e a Prefeitura de Teres\u00f3polis. Os polos funcionam como refer\u00eancia das institui\u00e7\u00f5es p\u00fablicas de ensino superior que comp\u00f5em o Cons\u00f3rcio Cederj (Cefet\/RJ, Uerj, Uenf, Uff, UniRio, UFRJ e UFRRJ).<\/p>\n\n\n\n<figure class=\"wp-block-image size-large\"><img loading=\"lazy\" decoding=\"async\" width=\"1024\" height=\"620\" src=\"https:\/\/tvc16.com\/portal\/wp-content\/uploads\/2021\/02\/S_0627-1024x620.jpg\" alt=\"\" class=\"wp-image-10332\" srcset=\"https:\/\/tvc16.com\/portal\/wp-content\/uploads\/2021\/02\/S_0627-1024x620.jpg 1024w, https:\/\/tvc16.com\/portal\/wp-content\/uploads\/2021\/02\/S_0627-300x181.jpg 300w, https:\/\/tvc16.com\/portal\/wp-content\/uploads\/2021\/02\/S_0627-768x465.jpg 768w, https:\/\/tvc16.com\/portal\/wp-content\/uploads\/2021\/02\/S_0627-1536x929.jpg 1536w, https:\/\/tvc16.com\/portal\/wp-content\/uploads\/2021\/02\/S_0627-2048x1239.jpg 2048w\" sizes=\"auto, (max-width: 1024px) 100vw, 1024px\" \/><\/figure>\n\n\n\n<p>O presidente da Funda\u00e7\u00e3o Cecierj, Jorge Roberto Pereira, falou sobre as transforma\u00e7\u00f5es que o novo polo pode levar para a cidade.<\/p>\n\n\n\n<p>&#8211; \u00c9 um orgulho poder inaugurar em Teres\u00f3polis esse Polo da Cederj. Come\u00e7amos esse semestre com essas duas novas disciplinas, mas estamos abertos a muitas outras. Oferecer \u00e0 popula\u00e7\u00e3o de Teres\u00f3polis outras profiss\u00f5es \u00e9 promover mudan\u00e7as muito positivas &#8211; afirmou.<\/p>\n\n\n\n<figure class=\"wp-block-image size-large\"><img loading=\"lazy\" decoding=\"async\" width=\"1024\" height=\"683\" src=\"https:\/\/tvc16.com\/portal\/wp-content\/uploads\/2021\/02\/S_0804-1024x683.jpg\" alt=\"\" class=\"wp-image-10333\" srcset=\"https:\/\/tvc16.com\/portal\/wp-content\/uploads\/2021\/02\/S_0804-1024x683.jpg 1024w, https:\/\/tvc16.com\/portal\/wp-content\/uploads\/2021\/02\/S_0804-300x200.jpg 300w, https:\/\/tvc16.com\/portal\/wp-content\/uploads\/2021\/02\/S_0804-768x512.jpg 768w, https:\/\/tvc16.com\/portal\/wp-content\/uploads\/2021\/02\/S_0804-1536x1024.jpg 1536w, https:\/\/tvc16.com\/portal\/wp-content\/uploads\/2021\/02\/S_0804-2048x1365.jpg 2048w, https:\/\/tvc16.com\/portal\/wp-content\/uploads\/2021\/02\/S_0804-900x600.jpg 900w\" sizes=\"auto, (max-width: 1024px) 100vw, 1024px\" \/><\/figure>\n\n\n\n<p>Durante o evento, a representante da Uerj, professora Rosana Oliveira, destacou a excel\u00eancia do ensino oferecido pela universidade.<\/p>\n\n\n\n<p>&#8211; A partir de agora o curso de Pedagogia est\u00e1 presente em 13 polos e o de Geografia em nove, em inser\u00e7\u00f5es absolutamente qualificadas no estado do Rio de Janeiro. Ao longo dos anos percebemos que nossos alunos egressos melhoram a qualidade das cidades onde moram, se profissionalizam e atuam em suas \u00e1reas &#8211; disse.<\/p>\n\n\n\n<p>A nova unidade vai funcionar no Campus Uerj Teres\u00f3polis, na Avenida L\u00facio Meira, 233, V\u00e1rzea.<\/p>\n","protected":false},"excerpt":{"rendered":"<p>O Polo Cederj Teres\u00f3polis foi inaugurado nesta quinta-feira (11)\u00a0\u00a0pelo grupo de trabalho formado para acompanhar<\/p>\n","protected":false},"author":2,"featured_media":10331,"comment_status":"open","ping_status":"open","sticky":false,"template":"","format":"standard","meta":{"footnotes":""},"categories":[17],"tags":[],"class_list":["post-10330","post","type-post","status-publish","format-standard","has-post-thumbnail","hentry","category-outras-noticias"],"_links":{"self":[{"href":"https:\/\/tvc16.com\/portal\/wp-json\/wp\/v2\/posts\/10330","targetHints":{"allow":["GET"]}}],"collection":[{"href":"https:\/\/tvc16.com\/portal\/wp-json\/wp\/v2\/posts"}],"about":[{"href":"https:\/\/tvc16.com\/portal\/wp-json\/wp\/v2\/types\/post"}],"author":[{"embeddable":true,"href":"https:\/\/tvc16.com\/portal\/wp-json\/wp\/v2\/users\/2"}],"replies":[{"embeddable":true,"href":"https:\/\/tvc16.com\/portal\/wp-json\/wp\/v2\/comments?post=10330"}],"version-history":[{"count":1,"href":"https:\/\/tvc16.com\/portal\/wp-json\/wp\/v2\/posts\/10330\/revisions"}],"predecessor-version":[{"id":10334,"href":"https:\/\/tvc16.com\/portal\/wp-json\/wp\/v2\/posts\/10330\/revisions\/10334"}],"wp:featuredmedia":[{"embeddable":true,"href":"https:\/\/tvc16.com\/portal\/wp-json\/wp\/v2\/media\/10331"}],"wp:attachment":[{"href":"https:\/\/tvc16.com\/portal\/wp-json\/wp\/v2\/media?parent=10330"}],"wp:term":[{"taxonomy":"category","embeddable":true,"href":"https:\/\/tvc16.com\/portal\/wp-json\/wp\/v2\/categories?post=10330"},{"taxonomy":"post_tag","embeddable":true,"href":"https:\/\/tvc16.com\/portal\/wp-json\/wp\/v2\/tags?post=10330"}],"curies":[{"name":"wp","href":"https:\/\/api.w.org\/{rel}","templated":true}]}}