{"id":103303,"date":"2025-05-03T05:00:00","date_gmt":"2025-05-03T08:00:00","guid":{"rendered":"https:\/\/tvc16.com\/portal\/?p=103303"},"modified":"2025-04-28T13:43:22","modified_gmt":"2025-04-28T16:43:22","slug":"exposicao-maes-extraordinarias-chega-a-itaipava-em-homenagem-ao-mes-das-maes","status":"publish","type":"post","link":"https:\/\/tvc16.com\/portal\/2025\/05\/03\/exposicao-maes-extraordinarias-chega-a-itaipava-em-homenagem-ao-mes-das-maes\/","title":{"rendered":"Exposi\u00e7\u00e3o &#8220;M\u00e3es Extraordin\u00e1rias&#8221; chega \u00e0 Itaipava em homenagem ao m\u00eas das m\u00e3es"},"content":{"rendered":"\n<p>Ser m\u00e3e \u00e9 desafiar o mundo todos os dias, com coragem, entrega e amor. Em homenagem ao m\u00eas das m\u00e3es, a exposi\u00e7\u00e3o \u201cM\u00e3es Extraordin\u00e1rias\u201d chega para dar visibilidade a hist\u00f3rias reais de mulheres que vivem maternidades fora do padr\u00e3o romantizado. O projeto fotogr\u00e1fico idealizado por Bel Acosta re\u00fane retratos e relatos que ressignificam o ser m\u00e3e em tempos contempor\u00e2neos, e poder\u00e1 ser visitado at\u00e9 o dia 18 de maio, na Pra\u00e7a da Lua do Shopping Vilarejo.<\/p>\n\n\n\n<p>Mais do que retratos, as imagens da exposi\u00e7\u00e3o carregam narrativas de coragem, dor, supera\u00e7\u00e3o e amor. As personagens compartilham viv\u00eancias marcadas por maternidades at\u00edpicas, como o cuidado com filhos com defici\u00eancias, o processo de acolhimento de filhos transexuais e tamb\u00e9m hist\u00f3rias atravessadas por viol\u00eancia dom\u00e9stica e desigualdades sociais. A proposta \u00e9 promover, atrav\u00e9s da arte, um espa\u00e7o de acolhimento e reflex\u00e3o.<\/p>\n\n\n\n<p>\u201cA maternidade ainda \u00e9 cercada de romantiza\u00e7\u00f5es que n\u00e3o d\u00e3o conta das m\u00faltiplas realidades enfrentadas pelas mulheres. Este projeto nasceu da escuta e do desejo profundo de colocar essas hist\u00f3rias no centro. S\u00e3o m\u00e3es que ensinam, transformam e desafiam estruturas\u201d, afirma Bel Acosta, fot\u00f3grafa e idealizadora do projeto.<\/p>\n\n\n\n<p>Com uma abordagem po\u00e9tica e sens\u00edvel, a exposi\u00e7\u00e3o convida o p\u00fablico a mergulhar em diferentes experi\u00eancias, ampliando o olhar sobre o que \u00e9 \u2014 e o que pode ser \u2014 a maternidade nos dias de hoje. No dia 17 de maio, a programa\u00e7\u00e3o contar\u00e1 com uma exibi\u00e7\u00e3o do document\u00e1rio \u201cM\u00e3es Extraordin\u00e1rias\u201d, \u00e0s 15h, seguida da roda de conversa \u201cMulheres transformadas para transformar \u2013 a maternidade e seu valor no centro do mundo\u201d, \u00e0s 16h. O encontro ser\u00e1 um convite ao di\u00e1logo, \u00e0 escuta ativa e ao fortalecimento das redes de apoio entre mulheres.<\/p>\n\n\n\n<p>Para o administrador do Shopping Vilarejo, Tiago Corr\u00eaa, receber a exposi\u00e7\u00e3o \u00e9 tamb\u00e9m uma forma de reconhecer e valorizar as trajet\u00f3rias dessas mulheres. \u201cO projeto M\u00e3es Extraordin\u00e1rias emociona porque fala de amor, dor, resist\u00eancia e humanidade. \u00c9 um presente para todos que passarem por aqui durante o m\u00eas das m\u00e3es, e uma forma de homenagear n\u00e3o s\u00f3 as m\u00e3es, mas tamb\u00e9m as mulheres que reinventam a vida todos os dias\u201d, afirma Tiago.<\/p>\n\n\n\n<p>Servi\u00e7o:<br>Exposi\u00e7\u00e3o \u201cM\u00e3es Extraordin\u00e1rias\u201d \ud83c\udf39<\/p>\n\n\n\n<p>\ud83d\udcc5 Data: 30 de abril at\u00e9 18 de maio<br>\ud83d\udd52 Hor\u00e1rio: Durante o funcionamento do Shopping<br>\ud83c\udf9f Evento gratuito<\/p>\n\n\n\n<p>Exibi\u00e7\u00e3o de document\u00e1rio + Roda de Conversa \ud83c\udf39<\/p>\n\n\n\n<p>\ud83d\udcc5 Data: 17 de maio<br>\ud83d\udd52 Hor\u00e1rio: A partir das 15h<br>\ud83c\udf9f Evento gratuito<\/p>\n\n\n\n<p>\ud83d\udccd Local: Pra\u00e7a do Sol \u2013 Shopping Vilarejo (Estrada Uni\u00e3o e Ind\u00fastria, 10.035 \u2013 Itaipava)<\/p>\n\n\n\n<p>Foto: divulga\u00e7\u00e3o <\/p>\n","protected":false},"excerpt":{"rendered":"<p>Ser m\u00e3e \u00e9 desafiar o mundo todos os dias, com coragem, entrega e amor. Em<\/p>\n","protected":false},"author":2,"featured_media":103304,"comment_status":"open","ping_status":"open","sticky":false,"template":"","format":"standard","meta":{"footnotes":""},"categories":[12],"tags":[],"class_list":["post-103303","post","type-post","status-publish","format-standard","has-post-thumbnail","hentry","category-cidade"],"_links":{"self":[{"href":"https:\/\/tvc16.com\/portal\/wp-json\/wp\/v2\/posts\/103303","targetHints":{"allow":["GET"]}}],"collection":[{"href":"https:\/\/tvc16.com\/portal\/wp-json\/wp\/v2\/posts"}],"about":[{"href":"https:\/\/tvc16.com\/portal\/wp-json\/wp\/v2\/types\/post"}],"author":[{"embeddable":true,"href":"https:\/\/tvc16.com\/portal\/wp-json\/wp\/v2\/users\/2"}],"replies":[{"embeddable":true,"href":"https:\/\/tvc16.com\/portal\/wp-json\/wp\/v2\/comments?post=103303"}],"version-history":[{"count":1,"href":"https:\/\/tvc16.com\/portal\/wp-json\/wp\/v2\/posts\/103303\/revisions"}],"predecessor-version":[{"id":103305,"href":"https:\/\/tvc16.com\/portal\/wp-json\/wp\/v2\/posts\/103303\/revisions\/103305"}],"wp:featuredmedia":[{"embeddable":true,"href":"https:\/\/tvc16.com\/portal\/wp-json\/wp\/v2\/media\/103304"}],"wp:attachment":[{"href":"https:\/\/tvc16.com\/portal\/wp-json\/wp\/v2\/media?parent=103303"}],"wp:term":[{"taxonomy":"category","embeddable":true,"href":"https:\/\/tvc16.com\/portal\/wp-json\/wp\/v2\/categories?post=103303"},{"taxonomy":"post_tag","embeddable":true,"href":"https:\/\/tvc16.com\/portal\/wp-json\/wp\/v2\/tags?post=103303"}],"curies":[{"name":"wp","href":"https:\/\/api.w.org\/{rel}","templated":true}]}}