{"id":103311,"date":"2025-05-04T05:00:00","date_gmt":"2025-05-04T08:00:00","guid":{"rendered":"https:\/\/tvc16.com\/portal\/?p=103311"},"modified":"2025-04-28T17:02:24","modified_gmt":"2025-04-28T20:02:24","slug":"unifase-promove-x-simposio-de-radiologia","status":"publish","type":"post","link":"https:\/\/tvc16.com\/portal\/2025\/05\/04\/unifase-promove-x-simposio-de-radiologia\/","title":{"rendered":"UNIFASE promove X Simp\u00f3sio de Radiologia"},"content":{"rendered":"\n<p><em>Evento gratuito destaca inova\u00e7\u00e3o, troca de experi\u00eancias e solidariedade<\/em><\/p>\n\n\n\n<p>A UNIFASE realizar\u00e1 nos dias 12 e 13 de maio o X Simp\u00f3sio de Radiologia, com o objetivo de reunir estudantes, egressos, profissionais da \u00e1rea e demais interessados para dois dias de atualiza\u00e7\u00e3o, troca de experi\u00eancias e aprofundamento t\u00e9cnico e cient\u00edfico, ampliando assim o olhar sobre as possibilidades da profiss\u00e3o, promovendo o networking e refor\u00e7ando a import\u00e2ncia do Tecn\u00f3logo em Radiologia no contexto da sa\u00fade moderna. Para participar, basta doar 1kg de alimento n\u00e3o perec\u00edvel, a ser entregue no momento do credenciamento. Todas as doa\u00e7\u00f5es ser\u00e3o destinadas ao Vale do Carangola e ao Quilombo da Boa Esperan\u00e7a, onde a institui\u00e7\u00e3o mant\u00e9m projetos de extens\u00e3o, refor\u00e7ando o compromisso com a responsabilidade social.<\/p>\n\n\n\n<p>&#8220;O objetivo do evento \u00e9 apresentar aos alunos do Curso Superior de Tecnologia em Radiologia o mercado de trabalho, destacando a atua\u00e7\u00e3o de ex-alunos j\u00e1 inseridos na \u00e1rea. Al\u00e9m disso, busca promover discuss\u00f5es sobre temas relevantes da Radiologia voltados aos profissionais de sa\u00fade e informar a popula\u00e7\u00e3o sobre os diversos m\u00e9todos de exames de imagem realizados pelos tecn\u00f3logos em Radiologia&#8221;, explicou Alexandre Rabello Neves, coordenador do Curso de Radiologia da UNIFASE.<\/p>\n\n\n\n<p>A programa\u00e7\u00e3o do simp\u00f3sio contempla temas atuais e diretamente relacionados \u00e0 pr\u00e1tica profissional. No primeiro dia, 12 de maio, Willian da Silva Cravo, tecn\u00f3logo em radiologia pela UNIFASE abordar\u00e1 o tema &#8220;Procedimentos Radiol\u00f3gicos em Leito e Centro Cir\u00fargico&#8221;, seguido por C\u00e1tia Benevides, T\u00e9cnica e Tecn\u00f3loga em Radiologia e P\u00f3s-Graduada em Doc\u00eancia do Ensino Superior, que trar\u00e1 uma reflex\u00e3o sobre &#8220;A Evolu\u00e7\u00e3o Tecnol\u00f3gica na Radiologia: Impactos, Desafios e Oportunidades&#8221;.<\/p>\n\n\n\n<p>J\u00e1 no dia 13 de maio, o engenheiro mec\u00e2nico e Gerente de Engenharia de Reparos na GE Celma, respons\u00e1vel pela Industrializa\u00e7\u00e3o de Novos Reparos e Inspe\u00e7\u00f5es N\u00e3o Destrutivas, Francisco Meira dar\u00e1 in\u00edcio \u00e0s palestras com o tema &#8220;Ensaios N\u00e3o Destrutivos&#8221;, destacando aplica\u00e7\u00f5es pr\u00e1ticas e t\u00e9cnicas inovadoras na \u00e1rea. Em seguida, Let\u00edcia Castorina Campos, Graduada em Tecnologia em Radiologia pela UNIFASE falar\u00e1 sobre &#8220;Radiologia Intervencionista&#8221;, explorando o papel crescente da radiologia em procedimentos minimamente invasivos.<\/p>\n\n\n\n<p>&#8220;Os temas selecionados para as palestras foram cuidadosamente alinhados \u00e0 matriz curricular do curso, contemplando unidades de ensino abordadas em sala de aula e que tamb\u00e9m se refletem nos campos de est\u00e1gio. Dessa forma, busca-se refor\u00e7ar a conex\u00e3o entre teoria e pr\u00e1tica, ampliando a forma\u00e7\u00e3o dos alunos e enriquecendo sua experi\u00eancia acad\u00eamica e profissional&#8221;, completou Alexandre.<\/p>\n\n\n\n<p>O X Simp\u00f3sio de Radiologia reafirma o compromisso da UNIFASE com a forma\u00e7\u00e3o continuada, o desenvolvimento cient\u00edfico e o fortalecimento da radiologia enquanto \u00e1rea essencial da sa\u00fade. As inscri\u00e7\u00f5es podem ser feitas pelo site https:\/\/www.unifase-rj.edu.br\/evento-de-extensao\/simposio-radiologia-2025.<\/p>\n","protected":false},"excerpt":{"rendered":"<p>Evento gratuito destaca inova\u00e7\u00e3o, troca de experi\u00eancias e solidariedade A UNIFASE realizar\u00e1 nos dias 12<\/p>\n","protected":false},"author":2,"featured_media":103312,"comment_status":"open","ping_status":"open","sticky":false,"template":"","format":"standard","meta":{"footnotes":""},"categories":[12],"tags":[],"class_list":["post-103311","post","type-post","status-publish","format-standard","has-post-thumbnail","hentry","category-cidade"],"_links":{"self":[{"href":"https:\/\/tvc16.com\/portal\/wp-json\/wp\/v2\/posts\/103311","targetHints":{"allow":["GET"]}}],"collection":[{"href":"https:\/\/tvc16.com\/portal\/wp-json\/wp\/v2\/posts"}],"about":[{"href":"https:\/\/tvc16.com\/portal\/wp-json\/wp\/v2\/types\/post"}],"author":[{"embeddable":true,"href":"https:\/\/tvc16.com\/portal\/wp-json\/wp\/v2\/users\/2"}],"replies":[{"embeddable":true,"href":"https:\/\/tvc16.com\/portal\/wp-json\/wp\/v2\/comments?post=103311"}],"version-history":[{"count":1,"href":"https:\/\/tvc16.com\/portal\/wp-json\/wp\/v2\/posts\/103311\/revisions"}],"predecessor-version":[{"id":103313,"href":"https:\/\/tvc16.com\/portal\/wp-json\/wp\/v2\/posts\/103311\/revisions\/103313"}],"wp:featuredmedia":[{"embeddable":true,"href":"https:\/\/tvc16.com\/portal\/wp-json\/wp\/v2\/media\/103312"}],"wp:attachment":[{"href":"https:\/\/tvc16.com\/portal\/wp-json\/wp\/v2\/media?parent=103311"}],"wp:term":[{"taxonomy":"category","embeddable":true,"href":"https:\/\/tvc16.com\/portal\/wp-json\/wp\/v2\/categories?post=103311"},{"taxonomy":"post_tag","embeddable":true,"href":"https:\/\/tvc16.com\/portal\/wp-json\/wp\/v2\/tags?post=103311"}],"curies":[{"name":"wp","href":"https:\/\/api.w.org\/{rel}","templated":true}]}}