{"id":103315,"date":"2025-04-29T08:23:43","date_gmt":"2025-04-29T11:23:43","guid":{"rendered":"https:\/\/tvc16.com\/portal\/?p=103315"},"modified":"2025-04-29T08:23:44","modified_gmt":"2025-04-29T11:23:44","slug":"prefeitura-se-reune-com-produtores-rurais-para-alinhar-detalhes-sobre-a-exposicao-agropecuaria","status":"publish","type":"post","link":"https:\/\/tvc16.com\/portal\/2025\/04\/29\/prefeitura-se-reune-com-produtores-rurais-para-alinhar-detalhes-sobre-a-exposicao-agropecuaria\/","title":{"rendered":"Prefeitura se re\u00fane com produtores rurais para alinhar detalhes sobre a exposi\u00e7\u00e3o agropecu\u00e1ria"},"content":{"rendered":"\n<p>Nesta segunda-feira (28), a Prefeitura se reuniu com produtores rurais que ir\u00e3o compor a feira do Produtor Rural, durante a Expo Petr\u00f3polis 2025 nos pr\u00f3ximos dias 1\u00ba a 4 de maio. Ser\u00e3o mais de 15 barracas mostrando um pouco da experi\u00eancia agropecu\u00e1ria da cidade imperial.<\/p>\n\n\n\n<p>\u201c\u00c9 fundamental a valoriza\u00e7\u00e3o do nosso produtor rural. Hoje somos capital estadual dos produtos org\u00e2nicos o que evidencia a import\u00e2ncia do setor para a nossa cidade. Essa \u00e9 uma oportunidade para dar mais visibilidade aos nossos produtores\u201d, disse o prefeito Hingo Hammes.<\/p>\n\n\n\n<p>Durante a reuni\u00e3o foram debatidos assuntos sobre disposi\u00e7\u00e3o das barracas, e uma oportunidade para dialogar sobre as demandas dos produtores org\u00e2nicos. &#8220;A Expo \u00e9 uma oportunidade \u00fanica para todos os produtos rurais e \u00e9 \u00f3timo para nossa comunidade participar desse debate, uma conversa fundamental onde podemos expressar nossas demandas e tirar d\u00favidas&#8221;, disse a produtora rural Andr\u00e9a.<\/p>\n\n\n\n<p>Para o secret\u00e1rio de Desenvolvimento Econ\u00f4mico, Samir El Ghaoui \u00e9 fundamental atender os produtores para auxiliar com demandas e explicar d\u00favidas, \u201c\u00c9 essencial nosso trabalho andar alinhado a popula\u00e7\u00e3o, \u00e9 uma diretriz do nosso governo o trabalho em equipe, o di\u00e1logo com a popula\u00e7\u00e3o para que possamos atender todos os lados da melhor forma poss\u00edvel\u201d, esclarece.<\/p>\n\n\n\n<p>A presidente da COMDEP, Fernanda Ferreira tamb\u00e9m participou da reuni\u00e3o e destacou a import\u00e2ncia do trabalho em conjunto do governo, \u201cEsse \u00e9 um evento de grande porte, uma oportunidade \u00fanica para os produtores rurais e queremos oferecer o nosso melhor suporte. Estamos realizando um trabalho integrado e temos certeza que esse evento ser\u00e1 \u00f3timo tanto para nossos produtores quanto para os visitantes do parque\u201d, finalizou.<\/p>\n\n\n\n<p>Tamb\u00e9m participaram da reuni\u00e3o o secret\u00e1rio de Defesa Civil Guilherme Moraes e representantes da secretaria de cultura, de servi\u00e7os seguran\u00e7a e ordem p\u00fablica, e CPTrans.<\/p>\n","protected":false},"excerpt":{"rendered":"<p>Nesta segunda-feira (28), a Prefeitura se reuniu com produtores rurais que ir\u00e3o compor a feira<\/p>\n","protected":false},"author":2,"featured_media":103317,"comment_status":"open","ping_status":"open","sticky":false,"template":"","format":"standard","meta":{"footnotes":""},"categories":[12],"tags":[],"class_list":["post-103315","post","type-post","status-publish","format-standard","has-post-thumbnail","hentry","category-cidade"],"_links":{"self":[{"href":"https:\/\/tvc16.com\/portal\/wp-json\/wp\/v2\/posts\/103315","targetHints":{"allow":["GET"]}}],"collection":[{"href":"https:\/\/tvc16.com\/portal\/wp-json\/wp\/v2\/posts"}],"about":[{"href":"https:\/\/tvc16.com\/portal\/wp-json\/wp\/v2\/types\/post"}],"author":[{"embeddable":true,"href":"https:\/\/tvc16.com\/portal\/wp-json\/wp\/v2\/users\/2"}],"replies":[{"embeddable":true,"href":"https:\/\/tvc16.com\/portal\/wp-json\/wp\/v2\/comments?post=103315"}],"version-history":[{"count":1,"href":"https:\/\/tvc16.com\/portal\/wp-json\/wp\/v2\/posts\/103315\/revisions"}],"predecessor-version":[{"id":103318,"href":"https:\/\/tvc16.com\/portal\/wp-json\/wp\/v2\/posts\/103315\/revisions\/103318"}],"wp:featuredmedia":[{"embeddable":true,"href":"https:\/\/tvc16.com\/portal\/wp-json\/wp\/v2\/media\/103317"}],"wp:attachment":[{"href":"https:\/\/tvc16.com\/portal\/wp-json\/wp\/v2\/media?parent=103315"}],"wp:term":[{"taxonomy":"category","embeddable":true,"href":"https:\/\/tvc16.com\/portal\/wp-json\/wp\/v2\/categories?post=103315"},{"taxonomy":"post_tag","embeddable":true,"href":"https:\/\/tvc16.com\/portal\/wp-json\/wp\/v2\/tags?post=103315"}],"curies":[{"name":"wp","href":"https:\/\/api.w.org\/{rel}","templated":true}]}}