{"id":103319,"date":"2025-04-29T08:27:06","date_gmt":"2025-04-29T11:27:06","guid":{"rendered":"https:\/\/tvc16.com\/portal\/?p=103319"},"modified":"2025-04-29T08:27:07","modified_gmt":"2025-04-29T11:27:07","slug":"unita-cobra-medidas-de-ordenamento-para-a-expo-petropolis-em-itaipava","status":"publish","type":"post","link":"https:\/\/tvc16.com\/portal\/2025\/04\/29\/unita-cobra-medidas-de-ordenamento-para-a-expo-petropolis-em-itaipava\/","title":{"rendered":"Unita cobra medidas de ordenamento para a Expo Petr\u00f3polis em Itaipava"},"content":{"rendered":"\n<p>A aproxima\u00e7\u00e3o da Expo Petr\u00f3polis, que ser\u00e1 realizada entre os dias 1\u00ba e 4 de maio no Parque Municipal de Itaipava, mobilizou a entidade Unidos por Itaipava (Unita) a cobrar a\u00e7\u00f5es de planejamento e refor\u00e7o na estrutura p\u00fablica durante os dias de evento. Em of\u00edcio encaminhado \u00e0 CPTrans, Comdep, TurisPetro e \u00e0s secretarias municipais de Seguran\u00e7a e de Desenvolvimento Econ\u00f4mico, a Unita alertou para a expectativa de grande p\u00fablico, especialmente por se tratar de um \u201cferiad\u00e3o\u201d iniciado no Dia do Trabalhador.<\/p>\n\n\n\n<p>Segundo a entidade, a falta de ordenamento em edi\u00e7\u00f5es anteriores comprometeu tanto o acesso de turistas quanto o deslocamento de trabalhadores da regi\u00e3o. Para evitar que os mesmos problemas se repitam, a Unita pede fiscaliza\u00e7\u00e3o efetiva do tr\u00e2nsito, refor\u00e7o na seguran\u00e7a, combate ao com\u00e9rcio ambulante irregular e limpeza cont\u00ednua nas imedia\u00e7\u00f5es do Parque.<\/p>\n\n\n\n<p>Outro ponto destacado \u00e9 a necessidade de ampliar o transporte p\u00fablico durante os dias de evento, al\u00e9m da organiza\u00e7\u00e3o de espa\u00e7os espec\u00edficos para carros de aplicativo e vans fretadas. A proposta, segundo a entidade, \u00e9 garantir mobilidade, seguran\u00e7a e conforto tanto para os visitantes quanto para quem vive e trabalha em Itaipava.<\/p>\n\n\n\n<p>\u201cA Expo ou qualquer outro evento de grande porte, necessita de medidas especiais. A fluidez do tr\u00e2nsito, a seguran\u00e7a e a limpeza fazem toda a diferen\u00e7a na experi\u00eancia de quem chega aqui para aproveitar o evento ou para outras finalidades, mas que tamb\u00e9m precisa de mobilidade\u201d, afirma Alexandre Plantz, presidente da Unita.<\/p>\n\n\n\n<p>Para o secret\u00e1rio da entidade, Fabricio Santos, o di\u00e1logo com os \u00f3rg\u00e3os p\u00fablicos \u00e9 essencial neste momento. \u201cNosso objetivo \u00e9 colaborar. Acreditamos que, com planejamento, \u00e9 poss\u00edvel garantir que a Expo aconte\u00e7a de forma ordenada e positiva para moradores, visitantes, trabalhadores e comerciantes. Todos ganham quando a cidade se prepara\u201d, destacou.<\/p>\n\n\n\n<p>Os eventos, p\u00fablicos e privados, s\u00e3o considerados importantes para a movimenta\u00e7\u00e3o da economia, mas a Unita defende que o sucesso depende de ordenamento. \u201cA economia \u00e9 uma cadeia produtiva que se entrela\u00e7a. Ela precisa ser saud\u00e1vel para todos e isso depende muito do poder p\u00fablico em oferecer suporte e determinar regras a serem seguidas. A expectativa da Unita \u00e9 de que os \u00f3rg\u00e3os p\u00fablicos atuem de forma integrada para eventos aconte\u00e7am de maneira organizada e acolhedora para todos os setores envolvidos e tamb\u00e9m para a qualidade de vida do morador\u201d, completa Alexandre Plantz.&nbsp;<\/p>\n","protected":false},"excerpt":{"rendered":"<p>A aproxima\u00e7\u00e3o da Expo Petr\u00f3polis, que ser\u00e1 realizada entre os dias 1\u00ba e 4 de<\/p>\n","protected":false},"author":2,"featured_media":103320,"comment_status":"open","ping_status":"open","sticky":false,"template":"","format":"standard","meta":{"footnotes":""},"categories":[12],"tags":[],"class_list":["post-103319","post","type-post","status-publish","format-standard","has-post-thumbnail","hentry","category-cidade"],"_links":{"self":[{"href":"https:\/\/tvc16.com\/portal\/wp-json\/wp\/v2\/posts\/103319","targetHints":{"allow":["GET"]}}],"collection":[{"href":"https:\/\/tvc16.com\/portal\/wp-json\/wp\/v2\/posts"}],"about":[{"href":"https:\/\/tvc16.com\/portal\/wp-json\/wp\/v2\/types\/post"}],"author":[{"embeddable":true,"href":"https:\/\/tvc16.com\/portal\/wp-json\/wp\/v2\/users\/2"}],"replies":[{"embeddable":true,"href":"https:\/\/tvc16.com\/portal\/wp-json\/wp\/v2\/comments?post=103319"}],"version-history":[{"count":1,"href":"https:\/\/tvc16.com\/portal\/wp-json\/wp\/v2\/posts\/103319\/revisions"}],"predecessor-version":[{"id":103321,"href":"https:\/\/tvc16.com\/portal\/wp-json\/wp\/v2\/posts\/103319\/revisions\/103321"}],"wp:featuredmedia":[{"embeddable":true,"href":"https:\/\/tvc16.com\/portal\/wp-json\/wp\/v2\/media\/103320"}],"wp:attachment":[{"href":"https:\/\/tvc16.com\/portal\/wp-json\/wp\/v2\/media?parent=103319"}],"wp:term":[{"taxonomy":"category","embeddable":true,"href":"https:\/\/tvc16.com\/portal\/wp-json\/wp\/v2\/categories?post=103319"},{"taxonomy":"post_tag","embeddable":true,"href":"https:\/\/tvc16.com\/portal\/wp-json\/wp\/v2\/tags?post=103319"}],"curies":[{"name":"wp","href":"https:\/\/api.w.org\/{rel}","templated":true}]}}