{"id":103322,"date":"2025-04-29T07:00:00","date_gmt":"2025-04-29T10:00:00","guid":{"rendered":"https:\/\/tvc16.com\/portal\/?p=103322"},"modified":"2025-04-29T08:29:55","modified_gmt":"2025-04-29T11:29:55","slug":"alunos-do-agita-petropolis-ficam-em-segundo-lugar-em-campeonato-estadual-de-karate","status":"publish","type":"post","link":"https:\/\/tvc16.com\/portal\/2025\/04\/29\/alunos-do-agita-petropolis-ficam-em-segundo-lugar-em-campeonato-estadual-de-karate\/","title":{"rendered":"Alunos do Agita Petr\u00f3polis ficam em segundo lugar em Campeonato Estadual de Karat\u00ea"},"content":{"rendered":"\n<p>O Agita Petr\u00f3polis vem se consolidando cada vez mais e neste fim de semana, 25 alunos do programa participaram do 2\u00b0 Campeonato Estadual de Karat\u00ea Open LIDAM &#8211; The Best of Kumite. Participaram do campeonato, 30 equipes de todo o Rio de Janeiro e os representantes do Agita conquistaram o 2\u00b0 lugar geral da competi\u00e7\u00e3o.<\/p>\n\n\n\n<p>&#8220;\u00c9 um orgulho enorme ver nossos alunos conquistando esse espa\u00e7o. O Agita Petr\u00f3polis \u00e9 um programa de oportunidades para promover o esporte e ver que nossos atletas est\u00e3o conquistando esse espa\u00e7o \u00e9 gratificante&#8221; celebra o prefeito Hingo Hammes.<\/p>\n\n\n\n<p>Agita Petr\u00f3polis<\/p>\n\n\n\n<p>O Agita Petr\u00f3polis foi reativado em janeiro desse ano e vai se consolidando como grande oportunidade para promo\u00e7\u00e3o do esporte. S\u00e3o mais de 30 aulas semanais beneficiando mais de 1400 alunos.<\/p>\n\n\n\n<p>&#8220;Reativar o Agita foi nossa primeira a\u00e7\u00e3o em 2025, \u00e9 um programa antigo nosso e \u00e9 gratificante ver o resultado que conquistamos em menos de cinco meses&#8221;, disse o secret\u00e1rio de Esportes Leandro Kronenberger.<\/p>\n","protected":false},"excerpt":{"rendered":"<p>O Agita Petr\u00f3polis vem se consolidando cada vez mais e neste fim de semana, 25<\/p>\n","protected":false},"author":2,"featured_media":103323,"comment_status":"open","ping_status":"open","sticky":false,"template":"","format":"standard","meta":{"footnotes":""},"categories":[12],"tags":[],"class_list":["post-103322","post","type-post","status-publish","format-standard","has-post-thumbnail","hentry","category-cidade"],"_links":{"self":[{"href":"https:\/\/tvc16.com\/portal\/wp-json\/wp\/v2\/posts\/103322","targetHints":{"allow":["GET"]}}],"collection":[{"href":"https:\/\/tvc16.com\/portal\/wp-json\/wp\/v2\/posts"}],"about":[{"href":"https:\/\/tvc16.com\/portal\/wp-json\/wp\/v2\/types\/post"}],"author":[{"embeddable":true,"href":"https:\/\/tvc16.com\/portal\/wp-json\/wp\/v2\/users\/2"}],"replies":[{"embeddable":true,"href":"https:\/\/tvc16.com\/portal\/wp-json\/wp\/v2\/comments?post=103322"}],"version-history":[{"count":1,"href":"https:\/\/tvc16.com\/portal\/wp-json\/wp\/v2\/posts\/103322\/revisions"}],"predecessor-version":[{"id":103324,"href":"https:\/\/tvc16.com\/portal\/wp-json\/wp\/v2\/posts\/103322\/revisions\/103324"}],"wp:featuredmedia":[{"embeddable":true,"href":"https:\/\/tvc16.com\/portal\/wp-json\/wp\/v2\/media\/103323"}],"wp:attachment":[{"href":"https:\/\/tvc16.com\/portal\/wp-json\/wp\/v2\/media?parent=103322"}],"wp:term":[{"taxonomy":"category","embeddable":true,"href":"https:\/\/tvc16.com\/portal\/wp-json\/wp\/v2\/categories?post=103322"},{"taxonomy":"post_tag","embeddable":true,"href":"https:\/\/tvc16.com\/portal\/wp-json\/wp\/v2\/tags?post=103322"}],"curies":[{"name":"wp","href":"https:\/\/api.w.org\/{rel}","templated":true}]}}