{"id":103327,"date":"2025-04-29T08:54:38","date_gmt":"2025-04-29T11:54:38","guid":{"rendered":"https:\/\/tvc16.com\/portal\/?p=103327"},"modified":"2025-04-29T08:54:39","modified_gmt":"2025-04-29T11:54:39","slug":"cnu-2025-tera-3-352-vagas-em-35-orgaos-federais","status":"publish","type":"post","link":"https:\/\/tvc16.com\/portal\/2025\/04\/29\/cnu-2025-tera-3-352-vagas-em-35-orgaos-federais\/","title":{"rendered":"CNU 2025 ter\u00e1 3.352 vagas em 35 \u00f3rg\u00e3os federais"},"content":{"rendered":"\n<p><em>Edital deve sair em julho;\u00a0provas objetivas ser\u00e3o aplicadas em outubro<\/em><\/p>\n\n\n\n<p>Por Daniella Almeida &#8211; Rep\u00f3rter da Ag\u00eancia Brasil \/ Foto: T\u00e2nia R\u00eago\/Ag\u00eancia Brasil<\/p>\n\n\n\n<p><\/p>\n\n\n\n<p><strong>A segunda edi\u00e7\u00e3o do Concurso P\u00fablico Nacional Unificado (CPNU) vai oferecer&nbsp;3.352 vagas distribu\u00eddas em 35 \u00f3rg\u00e3os da administra\u00e7\u00e3o p\u00fablica federal.<\/strong>&nbsp;O&nbsp;<a href=\"https:\/\/www.youtube.com\/live\/I_S2c6yVgQw\" target=\"_blank\" rel=\"noreferrer noopener\">an\u00fancio foi feito<\/a>&nbsp;pela ministra da Gest\u00e3o e da Inova\u00e7\u00e3o em Servi\u00e7os P\u00fablicos (MGI), Esther Dweck, nesta segunda-feira (28).<img decoding=\"async\" src=\"https:\/\/agenciabrasil.ebc.com.br\/ebc.png?id=1640633&amp;o=node\"><img decoding=\"async\" src=\"https:\/\/agenciabrasil.ebc.com.br\/ebc.gif?id=1640633&amp;o=node\"><\/p>\n\n\n\n<p><strong>Do total de vagas, 2.180 s\u00e3o para convoca\u00e7\u00e3o imediata, sendo 1.672 de n\u00edvel superior e 508 de n\u00edvel intermedi\u00e1rio.<\/strong><\/p>\n\n\n\n<p>As demais vagas (1.172) ser\u00e3o para forma\u00e7\u00e3o de cadastro reserva. Todas essas vagas s\u00e3o de n\u00edvel superior.<\/p>\n\n\n\n<p>Segundo a ministra, a previs\u00e3o \u00e9 que os candidatos&nbsp;da lista de espera sejam convocados em&nbsp;curto prazo&nbsp;logo ap\u00f3s a homologa\u00e7\u00e3o dos resultados do CNU 2.<\/p>\n\n\n\n<blockquote class=\"wp-block-quote is-layout-flow wp-block-quote-is-layout-flow\">\n<p>\u201cA gente fez por cadastro reserva&nbsp;n\u00e3o porque n\u00e3o ir\u00e1 contratar. E, sim, porque a gente fez&nbsp;um quantitativo que a gente pode precisar um pouco menos ou um pouco mais, dependendo do processo de dimensionamento da for\u00e7a trabalho que estamos fazendo [em cada \u00f3rg\u00e3o federal]\u201d.<\/p>\n<\/blockquote>\n\n\n\n<h2 class=\"wp-block-heading\">Novo formato<\/h2>\n\n\n\n<p>As provas objetiva e discursiva do CPNU 2 ser\u00e3o realizadas em duas fases e em duas datas.<\/p>\n\n\n\n<p><strong>O MGI prev\u00ea que a prova objetiva seja aplicada em 5 de outubro deste ano em 228 cidades de todas as unidades da federa\u00e7\u00e3o, como ocorreu em agosto de 2024. Somente os habilitados nesta primeira fase, far\u00e3o a prova discursiva em 7 de dezembro.<\/strong><\/p>\n\n\n\n<p>A ministra comentou o formato in\u00e9dito. \u201cAs provas ser\u00e3o em duas fases, com duas datas diferentes, porque uma habilitar\u00e1 para outra fase. Essa \u00e9 a grande mudan\u00e7a.\u201d<\/p>\n\n\n\n<blockquote class=\"wp-block-quote is-layout-flow wp-block-quote-is-layout-flow\">\n<p>\u201cIsso acontece em outros concursos. &nbsp;A gente n\u00e3o tinha feito assim no CPNU 1, tentando fazer tudo na mesma data. Na nossa vis\u00e3o, isso foi um dos pontos que, desde a nossa an\u00e1lise do concurso, era algo que poderia ser aperfei\u00e7oado\u201d, explicou a ministra.<\/p>\n<\/blockquote>\n\n\n\n<h2 class=\"wp-block-heading\">Blocos tem\u00e1ticos<\/h2>\n\n\n\n<p><strong>Na nova edi\u00e7\u00e3o do chamado Enem dos Concursos, as vagas estar\u00e3o divididas em nove blocos tem\u00e1ticos.<\/strong>&nbsp;Na primeira edi\u00e7\u00e3o, foram oito.<\/p>\n\n\n\n<p>O MGI adotar\u00e1 a mesma sistem\u00e1tica de inscri\u00e7\u00e3o para diferentes cargos dentro do mesmo bloco, com possibilidade de o candidato definir uma lista com a ordem de prefer\u00eancia pelos cargos.<\/p>\n\n\n\n<h2 class=\"wp-block-heading\">Banca examinadora<\/h2>\n\n\n\n<p>A banca examinadora ainda n\u00e3o foi definida,&nbsp;e o MGI firmar\u00e1 o contrato com a empresa escolhida por chamamento p\u00fablico, com dispensa de licita\u00e7\u00e3o, mesmo modelo adotado na primeira edi\u00e7\u00e3o do concurso unificado. Neste formato, as empresas apresentam suas ofertas ao Poder P\u00fablico.<\/p>\n\n\n\n<p>A ministra esclareceu que o termo de refer\u00eancia (TR) do concurso ser\u00e1 enviado, nesta segunda-feira, \u00e0s bancas examinadoras de todo o pa\u00eds, que cumprem os requisitos m\u00ednimos exigidos pelo governo federal para a realiza\u00e7\u00e3o de um concurso p\u00fablico.<\/p>\n\n\n\n<p>\u201cN\u00e3o \u00e9 uma dispensa de licita\u00e7\u00e3o sem concorr\u00eancia. \u00c9 uma maneira que a administra\u00e7\u00e3o p\u00fablica utiliza, diante de ter poucas bancas que s\u00e3o capazes de fazer um concurso dessa dimens\u00e3o.\u201d<\/p>\n\n\n\n<p>A partir da contrata\u00e7\u00e3o da&nbsp;banca examinadora, a ministra estima que o edital do CNU 2 seja&nbsp;publicado no in\u00edcio de julho.<\/p>\n\n\n\n<p><strong>De acordo com o cronograma apresentado na sede da pasta, em Bras\u00edlia, as inscri\u00e7\u00f5es dos candidatos devem ser realizadas em julho. A divulga\u00e7\u00e3o dos resultados finais ocorrer\u00e1 em fevereiro de 2026.<\/strong><\/p>\n\n\n\n<h2 class=\"wp-block-heading\">Primeiro CNU<\/h2>\n\n\n\n<p>A primeira edi\u00e7\u00e3o do Concurso P\u00fablico Nacional Unificado, em 2024, \u00e9 apontada como o maior certame j\u00e1 realizado no Brasil.<\/p>\n\n\n\n<p>O n\u00famero de inscritos somou 2.144.397 para disputar 6.640 vagas de cargos p\u00fablicos de n\u00edveis superior, m\u00e9dio e t\u00e9cnico para diversas especialidades, distribu\u00eddas em 21 \u00f3rg\u00e3os da administra\u00e7\u00e3o p\u00fablica federal. As remunera\u00e7\u00f5es dos futuros servidores federais variam de R$ 3.741,84 a R$ 22.921,71.<\/p>\n\n\n\n<p>A primeira edi\u00e7\u00e3o do certame foi realizada em 18 de agosto do ano passado, simultaneamente, em 228 cidades de todas as unidades das federa\u00e7\u00f5es, mediante o pagamento de uma \u00fanica taxa de inscri\u00e7\u00e3o. Cerca de 1 milh\u00e3o de candidatos realizaram as provas objetivas e discursivas. O objetivo do governo federal foi democratizar o acesso da popula\u00e7\u00e3o \u00e0s vagas do servi\u00e7o p\u00fablico.<\/p>\n\n\n\n<p><strong>Na \u00faltima sexta-feira (25) o governo&nbsp;<a href=\"https:\/\/agenciabrasil.ebc.com.br\/concursos\/noticia\/2025-04\/governo-autoriza-convocacao-de-43-mil-aprovados-no-concurso-unificado\" target=\"_blank\" rel=\"noreferrer noopener\">publicou a portaria&nbsp;que autoriza<\/a>&nbsp;a primeira convoca\u00e7\u00e3o de 4,3 mil aprovados no concurso unificado. As nomea\u00e7\u00f5es est\u00e3o previstas para maio em 16 \u00f3rg\u00e3os federais.<\/strong><br><\/p>\n","protected":false},"excerpt":{"rendered":"<p>Edital deve sair em julho;\u00a0provas objetivas ser\u00e3o aplicadas em outubro Por Daniella Almeida &#8211; Rep\u00f3rter<\/p>\n","protected":false},"author":2,"featured_media":103328,"comment_status":"open","ping_status":"open","sticky":false,"template":"","format":"standard","meta":{"footnotes":""},"categories":[17],"tags":[],"class_list":["post-103327","post","type-post","status-publish","format-standard","has-post-thumbnail","hentry","category-outras-noticias"],"_links":{"self":[{"href":"https:\/\/tvc16.com\/portal\/wp-json\/wp\/v2\/posts\/103327","targetHints":{"allow":["GET"]}}],"collection":[{"href":"https:\/\/tvc16.com\/portal\/wp-json\/wp\/v2\/posts"}],"about":[{"href":"https:\/\/tvc16.com\/portal\/wp-json\/wp\/v2\/types\/post"}],"author":[{"embeddable":true,"href":"https:\/\/tvc16.com\/portal\/wp-json\/wp\/v2\/users\/2"}],"replies":[{"embeddable":true,"href":"https:\/\/tvc16.com\/portal\/wp-json\/wp\/v2\/comments?post=103327"}],"version-history":[{"count":1,"href":"https:\/\/tvc16.com\/portal\/wp-json\/wp\/v2\/posts\/103327\/revisions"}],"predecessor-version":[{"id":103329,"href":"https:\/\/tvc16.com\/portal\/wp-json\/wp\/v2\/posts\/103327\/revisions\/103329"}],"wp:featuredmedia":[{"embeddable":true,"href":"https:\/\/tvc16.com\/portal\/wp-json\/wp\/v2\/media\/103328"}],"wp:attachment":[{"href":"https:\/\/tvc16.com\/portal\/wp-json\/wp\/v2\/media?parent=103327"}],"wp:term":[{"taxonomy":"category","embeddable":true,"href":"https:\/\/tvc16.com\/portal\/wp-json\/wp\/v2\/categories?post=103327"},{"taxonomy":"post_tag","embeddable":true,"href":"https:\/\/tvc16.com\/portal\/wp-json\/wp\/v2\/tags?post=103327"}],"curies":[{"name":"wp","href":"https:\/\/api.w.org\/{rel}","templated":true}]}}