{"id":103330,"date":"2025-04-29T09:11:39","date_gmt":"2025-04-29T12:11:39","guid":{"rendered":"https:\/\/tvc16.com\/portal\/?p=103330"},"modified":"2025-04-29T09:11:40","modified_gmt":"2025-04-29T12:11:40","slug":"semana-de-vacinacao-nas-americas-quer-aplicar-665-milhoes-de-doses","status":"publish","type":"post","link":"https:\/\/tvc16.com\/portal\/2025\/04\/29\/semana-de-vacinacao-nas-americas-quer-aplicar-665-milhoes-de-doses\/","title":{"rendered":"Semana de Vacina\u00e7\u00e3o nas Am\u00e9ricas quer aplicar 66,5 milh\u00f5es de doses"},"content":{"rendered":"\n<p><em>Aten\u00e7\u00e3o especial \u00e9 com o sarampo, ap\u00f3s surtos na Am\u00e9rica do Norte<\/em><\/p>\n\n\n\n<p>Por T\u00e2mara Freire &#8211; Rep\u00f3rter da Ag\u00eancia Brasil \/ Foto: Fernando Fraz\u00e3o\/Ag\u00eancia Brasil<\/p>\n\n\n\n<p><\/p>\n\n\n\n<p>Os pa\u00edses do continente americano fazem, nesta semana, um esfor\u00e7o extra para aumentar as coberturas vacinais. Durante a Semana de Vacina\u00e7\u00e3o nas Am\u00e9ricas, que come\u00e7ou no s\u00e1bado (26) e vai at\u00e9 o dia 3 de maio, o objetivo \u00e9 aplicar cerca de 66,5 milh\u00f5es de doses de vacinas.<img decoding=\"async\" src=\"https:\/\/agenciabrasil.ebc.com.br\/ebc.png?id=1640638&amp;o=node\"><img decoding=\"async\" src=\"https:\/\/agenciabrasil.ebc.com.br\/ebc.gif?id=1640638&amp;o=node\"><\/p>\n\n\n\n<p>Neste momento,&nbsp;<strong>h\u00e1&nbsp;aten\u00e7\u00e3o especial para a imuniza\u00e7\u00e3o contra o sarampo, diante dos surtos registrados nos Estados Unidos, Canad\u00e1 e M\u00e9xico<\/strong>, com mais de 2,6 mil casos confirmados e tr\u00eas mortes. O n\u00famero \u00e9 mais de dez vezes superior aos 215 casos registrados no mesmo per\u00edodo de 2024.<\/p>\n\n\n\n<p>No ano passado, o Brasil voltou a receber o certificado de pa\u00eds livre do sarampo, e, por enquanto, os casos confirmados neste ano n\u00e3o comprometem o t\u00edtulo, j\u00e1 que&nbsp;<strong>n\u00e3o h\u00e1 transmiss\u00e3o sustentada da doen\u00e7a em territ\u00f3rio nacional<\/strong>.<\/p>\n\n\n\n<p>Para evitar que isso aconte\u00e7a,&nbsp;<strong>o Minist\u00e9rio da Sa\u00fade convoca todas as pessoas que n\u00e3o receberam a vacina na inf\u00e2ncia, ou que n\u00e3o t\u00eam certeza se receberam, para tomar a tr\u00edplice viral<\/strong>, que protege contra o sarampo, a caxumba e a rub\u00e9ola.<\/p>\n\n\n\n<p>A chefe de Sa\u00fade e Nutri\u00e7\u00e3o do Fundo das Na\u00e7\u00f5es Unidas para a Inf\u00e2ncia-Unicef no Brasil, Luciana Phebo, lembra que o Brasil exerce uma grande influ\u00eancia regional&nbsp;e, historicamente, \u00e9 um bom exemplo de sucesso na pol\u00edtica de vacina\u00e7\u00e3o. Por isso, evitar que o sarampo volte a circular em territ\u00f3rio nacional tem uma import\u00e2ncia ainda maior.<\/p>\n\n\n\n<blockquote class=\"wp-block-quote is-layout-flow wp-block-quote-is-layout-flow\">\n<p>&#8220;O sarampo \u00e9 um v\u00edrus que se dissemina muito r\u00e1pido, e ele mata, especialmente, crian\u00e7as desnutridas&nbsp;ou que t\u00eam uma imunidade afetada. O controle do sarampo tamb\u00e9m \u00e9 um marcador importante de que o programa nacional de vacina\u00e7\u00e3o est\u00e1 funcionando bem, n\u00e3o s\u00f3 com rela\u00e7\u00e3o ao pr\u00f3prio sarampo, mas para as demais vacinas&#8221;, afirma Luciana Phebo.<\/p>\n<\/blockquote>\n\n\n\n<p>&#8220;O Brasil j\u00e1 eliminou o sarampo e perdeu esse certificado alguns anos atr\u00e1s. Agora, esperamos que isso n\u00e3o aconte\u00e7a, n\u00e3o s\u00f3 pelo pela import\u00e2ncia interna, mas tamb\u00e9m pela import\u00e2ncia que o Brasil tem no mundo&#8221;, complementa.<\/p>\n\n\n\n<h2 class=\"wp-block-heading\">Febre amarela<\/h2>\n\n\n\n<p>Outra doen\u00e7a que pode ser prevenida por vacinas, mas tem causado grande preocupa\u00e7\u00e3o este ano \u00e9 a febre amarela. At\u00e9 o momento, 189 casos foram confirmados em todo o continente, tr\u00eas vezes mais do que os registros de todo o ano passado. O Brasil se destaca, com 102 casos e 41 mortes.<\/p>\n\n\n\n<p>A campanha organizada pela Organiza\u00e7\u00e3o Paramericana da Sa\u00fade (Opas) traz neste ano o tema &#8220;Sua decis\u00e3o faz a diferen\u00e7a&#8221;. Al\u00e9m de elevar as coberturas vacinais, a iniciativa pretende contribuir com as metas&nbsp;de elimina\u00e7\u00e3o de doen\u00e7as, que buscam a elimina\u00e7\u00e3o de mais de 30 enfermidades at\u00e9 2030. Entre elas, est\u00e3o&nbsp;11 previn\u00edveis com vacina\u00e7\u00e3o, como o sarampo, a febre amarela&nbsp;e a hepatite b, al\u00e9m da meningite bacteriana e do c\u00e2ncer de colo de \u00fatero.<\/p>\n\n\n\n<h2 class=\"wp-block-heading\">Doen\u00e7as n\u00e3o t\u00eam fronteiras<\/h2>\n\n\n\n<p>O assessor cient\u00edfico s\u00eanior da Funda\u00e7\u00e3o Oswaldo Cruz, Akira Homma, destaca a import\u00e2ncia de a\u00e7\u00f5es coordenadas entre os pa\u00edses: &#8220;<strong>Os agentes infecciosos n\u00e3o t\u00eam fronteiras<\/strong>, ent\u00e3o \u00e9 preciso vacinar todo mundo para gente ficar realmente protegido. Principalmente quando a cobertura vacinal est\u00e1 caindo em outros pa\u00edses, n\u00f3s precisamos manter as coberturas altas, porque, assim, mesmo que uma pessoa doente de outro pa\u00eds chegue aqui, a doen\u00e7a n\u00e3o vai e disseminar, se tornar um surto ou uma epidemia&#8221;<\/p>\n\n\n\n<p>Mas ainda que o aumento das coberturas vacinais seja um desafio global, Homma e outros especialistas defendem que \u00e9 preciso focar nas realidades particulares de cada comunidade, inclusive para combater a desinforma\u00e7\u00e3o.<\/p>\n\n\n\n<blockquote class=\"wp-block-quote is-layout-flow wp-block-quote-is-layout-flow\">\n<p>&#8220;Ao inv\u00e9s de a gente falar sobre a efic\u00e1cia da vacina, por exemplo, a gente tem que fazer essa tradu\u00e7\u00e3o para a popula\u00e7\u00e3o. Isso \u00e9 a populariza\u00e7\u00e3o da ci\u00eancia, populariza\u00e7\u00e3o do conhecimento. Como fazer isso nas diversas realidades que a gente tem no pa\u00eds? A gente tem que consultar quem t\u00e1 la na base, as pessoas que trabalham e as pessoas que vivem nesses territ\u00f3rios&#8221;, destaca Lurdinha Maia, que tamb\u00e9m \u00e9 pesquisadora da Fiocruz.<\/p>\n<\/blockquote>\n\n\n\n<p>Os dois especialistas coordenaram, de 2021 a 2023, o Projeto pela Reconquista das Altas Coberturas Vacinais, que ajudou os dois estados com os piores \u00edndices de vacina\u00e7\u00e3o contra a poliomielite, Amap\u00e1 e Para\u00edba, a alcan\u00e7arem as metas, ap\u00f3s interven\u00e7\u00f5es baseadas nas realidades dos munic\u00edpios.<\/p>\n\n\n\n<p>&#8220;Um dos grandes problemas que a gente detectou nesse projeto \u00e9 a quest\u00e3o do acesso aos centros de vacina\u00e7\u00e3o. Aqui no Rio de Janeiro, tem esse centro especial [Super Centro Carioca de Vacina\u00e7\u00e3o], que funciona at\u00e9 22h e tamb\u00e9m s\u00e1bados, domingos, feriados. Isso facilita a popula\u00e7\u00e3o a completar a vacina\u00e7\u00e3o. A vacina tem que ser levada aos pontos de aglomera\u00e7\u00e3o, metr\u00f4, aeroportos, shopping center&#8230; Essas iniciativas t\u00eam que ser reproduzidas em outros munic\u00edpios&#8221;.<\/p>\n","protected":false},"excerpt":{"rendered":"<p>Aten\u00e7\u00e3o especial \u00e9 com o sarampo, ap\u00f3s surtos na Am\u00e9rica do Norte Por T\u00e2mara Freire<\/p>\n","protected":false},"author":2,"featured_media":103331,"comment_status":"open","ping_status":"open","sticky":false,"template":"","format":"standard","meta":{"footnotes":""},"categories":[17],"tags":[],"class_list":["post-103330","post","type-post","status-publish","format-standard","has-post-thumbnail","hentry","category-outras-noticias"],"_links":{"self":[{"href":"https:\/\/tvc16.com\/portal\/wp-json\/wp\/v2\/posts\/103330","targetHints":{"allow":["GET"]}}],"collection":[{"href":"https:\/\/tvc16.com\/portal\/wp-json\/wp\/v2\/posts"}],"about":[{"href":"https:\/\/tvc16.com\/portal\/wp-json\/wp\/v2\/types\/post"}],"author":[{"embeddable":true,"href":"https:\/\/tvc16.com\/portal\/wp-json\/wp\/v2\/users\/2"}],"replies":[{"embeddable":true,"href":"https:\/\/tvc16.com\/portal\/wp-json\/wp\/v2\/comments?post=103330"}],"version-history":[{"count":1,"href":"https:\/\/tvc16.com\/portal\/wp-json\/wp\/v2\/posts\/103330\/revisions"}],"predecessor-version":[{"id":103332,"href":"https:\/\/tvc16.com\/portal\/wp-json\/wp\/v2\/posts\/103330\/revisions\/103332"}],"wp:featuredmedia":[{"embeddable":true,"href":"https:\/\/tvc16.com\/portal\/wp-json\/wp\/v2\/media\/103331"}],"wp:attachment":[{"href":"https:\/\/tvc16.com\/portal\/wp-json\/wp\/v2\/media?parent=103330"}],"wp:term":[{"taxonomy":"category","embeddable":true,"href":"https:\/\/tvc16.com\/portal\/wp-json\/wp\/v2\/categories?post=103330"},{"taxonomy":"post_tag","embeddable":true,"href":"https:\/\/tvc16.com\/portal\/wp-json\/wp\/v2\/tags?post=103330"}],"curies":[{"name":"wp","href":"https:\/\/api.w.org\/{rel}","templated":true}]}}