{"id":103342,"date":"2025-04-29T09:30:11","date_gmt":"2025-04-29T12:30:11","guid":{"rendered":"https:\/\/tvc16.com\/portal\/?p=103342"},"modified":"2025-04-29T09:30:12","modified_gmt":"2025-04-29T12:30:12","slug":"lei-amplia-horario-de-funcionamento-do-aterro-sanitario-de-pedro-do-rio-para-descarte-de-entulho-e-lixo-verde","status":"publish","type":"post","link":"https:\/\/tvc16.com\/portal\/2025\/04\/29\/lei-amplia-horario-de-funcionamento-do-aterro-sanitario-de-pedro-do-rio-para-descarte-de-entulho-e-lixo-verde\/","title":{"rendered":"Lei amplia hor\u00e1rio de funcionamento do aterro sanit\u00e1rio de Pedro do Rio para descarte de entulho e lixo verde"},"content":{"rendered":"\n<p>Foi sancionada a Lei n\u00ba 9.020\/25, de autoria do presidente da C\u00e2mara Municipal de Petr\u00f3polis, vereador J\u00fanior Coruja, que institui o hor\u00e1rio oficial de funcionamento do aterro sanit\u00e1rio de Pedro do Rio para descarte de entulho e lixo verde, fixando-o das 7h \u00e0s 17h.<\/p>\n\n\n\n<p>Localizado na BR-040, Km 49, no bairro Pedro do Rio, o aterro recebe, diariamente, mais de 100 caminh\u00f5es ca\u00e7amba \u2014 ve\u00edculos essenciais \u00e0 limpeza urbana da cidade. Antes da san\u00e7\u00e3o da nova lei, o funcionamento se encerrava \u00e0s 16h30, limitando o atendimento e gerando dificuldades operacionais para os trabalhadores que realizam o transporte de res\u00edduos.<\/p>\n\n\n\n<p><em>\u201cEsse acr\u00e9scimo de apenas 30 minutos representa um ganho significativo para os profissionais que mant\u00eam nossa cidade limpa e organizada. Eles s\u00e3o parte fundamental na cadeia de preserva\u00e7\u00e3o ambiental e merecem condi\u00e7\u00f5es mais adequadas para exercer seu trabalho\u201d<\/em>, destacou o vereador.<\/p>\n\n\n\n<p>&#8212;<\/p>\n","protected":false},"excerpt":{"rendered":"<p>Foi sancionada a Lei n\u00ba 9.020\/25, de autoria do presidente da C\u00e2mara Municipal de Petr\u00f3polis,<\/p>\n","protected":false},"author":2,"featured_media":103343,"comment_status":"open","ping_status":"open","sticky":false,"template":"","format":"standard","meta":{"footnotes":""},"categories":[12],"tags":[],"class_list":["post-103342","post","type-post","status-publish","format-standard","has-post-thumbnail","hentry","category-cidade"],"_links":{"self":[{"href":"https:\/\/tvc16.com\/portal\/wp-json\/wp\/v2\/posts\/103342","targetHints":{"allow":["GET"]}}],"collection":[{"href":"https:\/\/tvc16.com\/portal\/wp-json\/wp\/v2\/posts"}],"about":[{"href":"https:\/\/tvc16.com\/portal\/wp-json\/wp\/v2\/types\/post"}],"author":[{"embeddable":true,"href":"https:\/\/tvc16.com\/portal\/wp-json\/wp\/v2\/users\/2"}],"replies":[{"embeddable":true,"href":"https:\/\/tvc16.com\/portal\/wp-json\/wp\/v2\/comments?post=103342"}],"version-history":[{"count":1,"href":"https:\/\/tvc16.com\/portal\/wp-json\/wp\/v2\/posts\/103342\/revisions"}],"predecessor-version":[{"id":103344,"href":"https:\/\/tvc16.com\/portal\/wp-json\/wp\/v2\/posts\/103342\/revisions\/103344"}],"wp:featuredmedia":[{"embeddable":true,"href":"https:\/\/tvc16.com\/portal\/wp-json\/wp\/v2\/media\/103343"}],"wp:attachment":[{"href":"https:\/\/tvc16.com\/portal\/wp-json\/wp\/v2\/media?parent=103342"}],"wp:term":[{"taxonomy":"category","embeddable":true,"href":"https:\/\/tvc16.com\/portal\/wp-json\/wp\/v2\/categories?post=103342"},{"taxonomy":"post_tag","embeddable":true,"href":"https:\/\/tvc16.com\/portal\/wp-json\/wp\/v2\/tags?post=103342"}],"curies":[{"name":"wp","href":"https:\/\/api.w.org\/{rel}","templated":true}]}}