{"id":103345,"date":"2025-05-01T06:00:00","date_gmt":"2025-05-01T09:00:00","guid":{"rendered":"https:\/\/tvc16.com\/portal\/?p=103345"},"modified":"2025-04-29T09:32:19","modified_gmt":"2025-04-29T12:32:19","slug":"exposicao-une-flores-e-decoracao-em-ambientacoes-inspiradoras-em-itaipava","status":"publish","type":"post","link":"https:\/\/tvc16.com\/portal\/2025\/05\/01\/exposicao-une-flores-e-decoracao-em-ambientacoes-inspiradoras-em-itaipava\/","title":{"rendered":"Exposi\u00e7\u00e3o une flores e decora\u00e7\u00e3o em ambienta\u00e7\u00f5es inspiradoras, em Itaipava"},"content":{"rendered":"\n<p><em>Evento acontece entre os dias 2 e 11 de maio, no Shopping Vilarejo<\/em><\/p>\n\n\n\n<p>Flores t\u00eam o poder de transformar espa\u00e7os, mas quando combinadas com design e inten\u00e7\u00e3o, elas revelam toda a sua pot\u00eancia est\u00e9tica e afetiva. \u00c9 essa a proposta da exposi\u00e7\u00e3o \u201cFlorEss\u00eancia\u201d que acontece de 2 a 11 de maio na Pra\u00e7a do Sol do Shopping Vilarejo, em Itaipava, onde diferentes esp\u00e9cies de plantas ornamentais, como orqu\u00eddeas, beg\u00f4nias e marantas, estar\u00e3o dispostas em ambientes decorados. A proposta \u00e9 mostrar, na pr\u00e1tica, como cada flor pode dialogar com os espa\u00e7os da casa, integrando-se de forma harm\u00f4nica ao cotidiano.<\/p>\n\n\n\n<p>Toda a ambienta\u00e7\u00e3o contar\u00e1 ainda com m\u00f3veis planejados em madeira de alto padr\u00e3o, que tamb\u00e9m estar\u00e3o dispon\u00edveis para venda, junto \u00e0s plantas. A mostra \u00e9 assinada pela Villa Verde Flores Paisagismo e Jardinagens, com mais de 20 anos de atua\u00e7\u00e3o em paisagismo e jardinagem na regi\u00e3o serrana. \u201cNosso objetivo \u00e9 inspirar as pessoas a olharem para suas casas com mais cuidado e leveza. Flores transformam ambientes e tamb\u00e9m estados de esp\u00edrito\u201d, explica Gabrielle Nebesmak, administradora da Villa Verde.<\/p>\n\n\n\n<p>Com curadoria especial voltada tamb\u00e9m para o Dia das M\u00e3es, a exposi\u00e7\u00e3o traz sugest\u00f5es delicadas e cheias de significado para quem deseja presentear de forma afetiva e \u00fanica. \u201cFlores s\u00e3o presentes vivos, que continuam se transformando. E quando est\u00e3o integradas a um espa\u00e7o bonito, cheio de cuidado, criam mem\u00f3rias que duram para sempre\u201d, afirma Maria Regina Nebesmak, s\u00f3cia-propriet\u00e1ria da Villa Verde.<\/p>\n\n\n\n<p>O evento conta ainda com a decora\u00e7\u00e3o Ver\u00f4nica Buenting e Luiz Dutra, tornando a exposi\u00e7\u00e3o uma verdadeira vitrine de possibilidades para transformar qualquer espa\u00e7o em um ref\u00fagio verde, acolhedor e cheio de vida.<\/p>\n\n\n\n<p>&nbsp;\u201cEssa exposi\u00e7\u00e3o traduz uma filosofia que valorizamos muito: criar espa\u00e7os onde est\u00e9tica, acolhimento e significado caminhem juntos. \u00c9 um convite para repensar nossos ambientes e tamb\u00e9m nossa rela\u00e7\u00e3o com o tempo e com a natureza\u201d, destaca Tiago Corr\u00eaa, administrador do Shopping Vilarejo.<\/p>\n\n\n\n<p><strong>Tamb\u00e9m em cartaz no Vilarejo: M\u00e3es Extraordin\u00e1rias<\/strong><\/p>\n\n\n\n<p>Na mesma temporada, o p\u00fablico poder\u00e1 visitar tamb\u00e9m a emocionante exposi\u00e7\u00e3o \u201cM\u00e3es Extraordin\u00e1rias\u201d, em cartaz na Pra\u00e7a da Lua at\u00e9 o dia 18 de maio. Idealizada pela fot\u00f3grafa Bel Acosta, a mostra re\u00fane retratos e relatos de mulheres que vivem maternidades reais, diversas e muitas vezes invisibilizadas. No encerramento, no dia 17, a partir das 15h, haver\u00e1 exibi\u00e7\u00e3o de document\u00e1rio e roda de conversa com o tema \u201cMulheres transformadas para transformar \u2013 a maternidade e seu valor no centro do mundo\u201d. Toda a programa\u00e7\u00e3o \u00e9 gratuita.<\/p>\n\n\n\n<p><strong>Servi\u00e7o:<\/strong><\/p>\n\n\n\n<p><strong>Exposi\u00e7\u00e3o FlorEss\u00eancia<\/strong><strong>&nbsp;<\/strong><strong><\/strong><\/p>\n\n\n\n<p><strong><\/strong><strong>&nbsp;Data:<\/strong>&nbsp;02 a 11 de maio<\/p>\n\n\n\n<p><strong><\/strong><strong>&nbsp;Hor\u00e1rio:&nbsp;<\/strong>Durante o funcionamento do Shopping<\/p>\n\n\n\n<p><img decoding=\"async\" alt=\"\ud83c\udf9f\" src=\"https:\/\/fonts.gstatic.com\/s\/e\/notoemoji\/16.0\/1f39f\/32.png\">&nbsp;Evento gratuito<\/p>\n\n\n\n<p><strong>Exposi\u00e7\u00e3o \u201cM\u00e3es Extraordin\u00e1rias\u201d<\/strong>&nbsp;<strong><\/strong><strong><\/strong><\/p>\n\n\n\n<p><strong><\/strong><strong>&nbsp;Data:<\/strong>&nbsp;30 de abril at\u00e9 18 de maio<\/p>\n\n\n\n<p><strong><\/strong><strong>&nbsp;Hor\u00e1rio:&nbsp;<\/strong>Durante o funcionamento do Shopping<br><img decoding=\"async\" alt=\"\ud83c\udf9f\" src=\"https:\/\/fonts.gstatic.com\/s\/e\/notoemoji\/16.0\/1f39f\/32.png\">&nbsp;Evento gratuito<\/p>\n\n\n\n<p><img decoding=\"async\" alt=\"\ud83d\udcac\" src=\"https:\/\/fonts.gstatic.com\/s\/e\/notoemoji\/16.0\/1f4ac\/32.png\"><strong>Exibi\u00e7\u00e3o de document\u00e1rio + Roda de Conversa<\/strong>&nbsp;<strong><\/strong><strong><\/strong><\/p>\n\n\n\n<p><img decoding=\"async\" alt=\"\ud83d\udcc5\" src=\"https:\/\/fonts.gstatic.com\/s\/e\/notoemoji\/16.0\/1f4c5\/32.png\">&nbsp;<strong>Data<\/strong>: 17 de maio (s\u00e1bado)<\/p>\n\n\n\n<p><img decoding=\"async\" alt=\"\ud83d\udd52\" src=\"https:\/\/fonts.gstatic.com\/s\/e\/notoemoji\/16.0\/1f552\/32.png\"><strong>&nbsp;Hor\u00e1rio:&nbsp;<\/strong>A partir das 15h<\/p>\n\n\n\n<p><img decoding=\"async\" alt=\"\ud83c\udf9f\" src=\"https:\/\/fonts.gstatic.com\/s\/e\/notoemoji\/16.0\/1f39f\/32.png\">&nbsp;Evento gratuito<\/p>\n\n\n\n<p><strong><\/strong><strong>&nbsp;Local:<\/strong>&nbsp;Pra\u00e7a do Sol \u2013 Shopping Vilarejo (Estrada Uni\u00e3o e Ind\u00fastria, 10.035 \u2013 Itaipava)<\/p>\n\n\n\n<p><img decoding=\"async\" alt=\"\ud83d\udcf2\" src=\"https:\/\/fonts.gstatic.com\/s\/e\/notoemoji\/16.0\/1f4f2\/32.png\">&nbsp;Mais informa\u00e7\u00f5es: @shoppingvilarejo<\/p>\n","protected":false},"excerpt":{"rendered":"<p>Evento acontece entre os dias 2 e 11 de maio, no Shopping Vilarejo Flores t\u00eam<\/p>\n","protected":false},"author":2,"featured_media":103346,"comment_status":"open","ping_status":"open","sticky":false,"template":"","format":"standard","meta":{"footnotes":""},"categories":[12],"tags":[],"class_list":["post-103345","post","type-post","status-publish","format-standard","has-post-thumbnail","hentry","category-cidade"],"_links":{"self":[{"href":"https:\/\/tvc16.com\/portal\/wp-json\/wp\/v2\/posts\/103345","targetHints":{"allow":["GET"]}}],"collection":[{"href":"https:\/\/tvc16.com\/portal\/wp-json\/wp\/v2\/posts"}],"about":[{"href":"https:\/\/tvc16.com\/portal\/wp-json\/wp\/v2\/types\/post"}],"author":[{"embeddable":true,"href":"https:\/\/tvc16.com\/portal\/wp-json\/wp\/v2\/users\/2"}],"replies":[{"embeddable":true,"href":"https:\/\/tvc16.com\/portal\/wp-json\/wp\/v2\/comments?post=103345"}],"version-history":[{"count":1,"href":"https:\/\/tvc16.com\/portal\/wp-json\/wp\/v2\/posts\/103345\/revisions"}],"predecessor-version":[{"id":103347,"href":"https:\/\/tvc16.com\/portal\/wp-json\/wp\/v2\/posts\/103345\/revisions\/103347"}],"wp:featuredmedia":[{"embeddable":true,"href":"https:\/\/tvc16.com\/portal\/wp-json\/wp\/v2\/media\/103346"}],"wp:attachment":[{"href":"https:\/\/tvc16.com\/portal\/wp-json\/wp\/v2\/media?parent=103345"}],"wp:term":[{"taxonomy":"category","embeddable":true,"href":"https:\/\/tvc16.com\/portal\/wp-json\/wp\/v2\/categories?post=103345"},{"taxonomy":"post_tag","embeddable":true,"href":"https:\/\/tvc16.com\/portal\/wp-json\/wp\/v2\/tags?post=103345"}],"curies":[{"name":"wp","href":"https:\/\/api.w.org\/{rel}","templated":true}]}}