{"id":103348,"date":"2025-04-29T09:41:56","date_gmt":"2025-04-29T12:41:56","guid":{"rendered":"https:\/\/tvc16.com\/portal\/?p=103348"},"modified":"2025-04-29T09:41:56","modified_gmt":"2025-04-29T12:41:56","slug":"moto-utilizada-em-direcao-perigosa-e-apreendida-pelo-26o-bpm-apos-decisao-judicial","status":"publish","type":"post","link":"https:\/\/tvc16.com\/portal\/2025\/04\/29\/moto-utilizada-em-direcao-perigosa-e-apreendida-pelo-26o-bpm-apos-decisao-judicial\/","title":{"rendered":"Moto utilizada em Dire\u00e7\u00e3o Perigosa \u00e9 apreendida pelo 26\u00ba BPM ap\u00f3s decis\u00e3o judicial"},"content":{"rendered":"\n<p>Na tarde desta segunda-feira, o 26\u00ba Batalh\u00e3o da Pol\u00edcia Militar (BPM) realizou a apreens\u00e3o de duas motocicletas que vinham sendo utilizadas para a pr\u00e1tica de dire\u00e7\u00e3o perigosa, colocando em risco a seguran\u00e7a p\u00fablica.<\/p>\n\n\n\n<p>A opera\u00e7\u00e3o foi realizada ap\u00f3s pedido formalizado \u00e0 Justi\u00e7a, que autorizou a a\u00e7\u00e3o em resposta \u00e0s reiteradas den\u00fancias e \u00e0 conduta irrespons\u00e1vel do condutor.<\/p>\n\n\n\n<p>As motocicletas vinham sendo usadas em manobras arriscadas, desrespeitando as normas de tr\u00e2nsito e, em diversas ocasi\u00f5es, afrontando diretamente o trabalho dos policiais militares durante patrulhamentos.<\/p>\n\n\n\n<p>A atitude representava uma amea\u00e7a \u00e0 ordem p\u00fablica e \u00e0 integridade f\u00edsica de moradores e transeuntes.<\/p>\n\n\n\n<p>Ap\u00f3s dilig\u00eancias, a equipe do 26\u00ba BPM localizou as motos efetuando sua apreens\u00e3o conforme a decis\u00e3o judicial. As motos foram apresentadas na 105\u00b0 DP para as provid\u00eancias cab\u00edveis.<\/p>\n\n\n\n<p>O 26\u00ba BPM refor\u00e7a o compromisso com a seguran\u00e7a da popula\u00e7\u00e3o e ressalta que continuar\u00e1 atuando com firmeza contra pr\u00e1ticas criminosas e atos que desafiem a autoridade policial e coloquem em risco a vida de terceiros.<\/p>\n","protected":false},"excerpt":{"rendered":"<p>Na tarde desta segunda-feira, o 26\u00ba Batalh\u00e3o da Pol\u00edcia Militar (BPM) realizou a apreens\u00e3o de<\/p>\n","protected":false},"author":2,"featured_media":103349,"comment_status":"open","ping_status":"open","sticky":false,"template":"","format":"standard","meta":{"footnotes":""},"categories":[12],"tags":[],"class_list":["post-103348","post","type-post","status-publish","format-standard","has-post-thumbnail","hentry","category-cidade"],"_links":{"self":[{"href":"https:\/\/tvc16.com\/portal\/wp-json\/wp\/v2\/posts\/103348","targetHints":{"allow":["GET"]}}],"collection":[{"href":"https:\/\/tvc16.com\/portal\/wp-json\/wp\/v2\/posts"}],"about":[{"href":"https:\/\/tvc16.com\/portal\/wp-json\/wp\/v2\/types\/post"}],"author":[{"embeddable":true,"href":"https:\/\/tvc16.com\/portal\/wp-json\/wp\/v2\/users\/2"}],"replies":[{"embeddable":true,"href":"https:\/\/tvc16.com\/portal\/wp-json\/wp\/v2\/comments?post=103348"}],"version-history":[{"count":1,"href":"https:\/\/tvc16.com\/portal\/wp-json\/wp\/v2\/posts\/103348\/revisions"}],"predecessor-version":[{"id":103350,"href":"https:\/\/tvc16.com\/portal\/wp-json\/wp\/v2\/posts\/103348\/revisions\/103350"}],"wp:featuredmedia":[{"embeddable":true,"href":"https:\/\/tvc16.com\/portal\/wp-json\/wp\/v2\/media\/103349"}],"wp:attachment":[{"href":"https:\/\/tvc16.com\/portal\/wp-json\/wp\/v2\/media?parent=103348"}],"wp:term":[{"taxonomy":"category","embeddable":true,"href":"https:\/\/tvc16.com\/portal\/wp-json\/wp\/v2\/categories?post=103348"},{"taxonomy":"post_tag","embeddable":true,"href":"https:\/\/tvc16.com\/portal\/wp-json\/wp\/v2\/tags?post=103348"}],"curies":[{"name":"wp","href":"https:\/\/api.w.org\/{rel}","templated":true}]}}