{"id":103353,"date":"2025-05-01T06:00:00","date_gmt":"2025-05-01T09:00:00","guid":{"rendered":"https:\/\/tvc16.com\/portal\/?p=103353"},"modified":"2025-04-29T09:45:23","modified_gmt":"2025-04-29T12:45:23","slug":"vigilancia-sanitaria-promove-capacitacao-para-contadores-sobre-licenciamento-sanitario-para-empresas","status":"publish","type":"post","link":"https:\/\/tvc16.com\/portal\/2025\/05\/01\/vigilancia-sanitaria-promove-capacitacao-para-contadores-sobre-licenciamento-sanitario-para-empresas\/","title":{"rendered":"Vigil\u00e2ncia Sanit\u00e1ria promove capacita\u00e7\u00e3o para contadores sobre licenciamento sanit\u00e1rio para empresas"},"content":{"rendered":"\n<p>Evento acontece no pr\u00f3ximo dia seis de maio e interessados em participar devem fazer a inscri\u00e7\u00e3o pr\u00e9via.<\/p>\n\n\n\n<p>A Prefeitura de Petr\u00f3polis, atrav\u00e9s da Vigil\u00e2ncia Sanit\u00e1ria da Secretaria Municipal de Sa\u00fade, promove na pr\u00f3xima ter\u00e7a-feira (6) uma capacita\u00e7\u00e3o para contadores da cidade sobre licenciamento sanit\u00e1rio. O objetivo \u00e9 atualizar os profissionais quanto aos requerimentos, visando otimizar os procedimentos e facilitar a comunica\u00e7\u00e3o entre as partes interessadas, trazendo maior agilidade na concess\u00e3o das licen\u00e7as para as empresas.<\/p>\n\n\n\n<p>\u201c\u00c9 um evento de cunho educativo e o nosso objetivo \u00e9 reunir os escrit\u00f3rios de contabilidade que realizam os pedidos de licenciamento sanit\u00e1rio para oferecer uma capacita\u00e7\u00e3o do processo e assim agilizar a regulariza\u00e7\u00e3o das empresas\u201d, explicou o prefeito Hingo Hammes.<\/p>\n\n\n\n<p>O evento vai acontecer na Casa da Educa\u00e7\u00e3o Visconde de Mau\u00e1, das 8h30 \u00e0s 11h45. As palestras v\u00e3o abordar temas relacionados \u00e0 lei da liberdade econ\u00f4mica, o processo para licenciamento sanit\u00e1rio e o cadastro nacional de estabelecimentos de Saude (CNES). Haver\u00e1 ainda um espa\u00e7o para tirar d\u00favidas dos participantes.<\/p>\n\n\n\n<p>\u201cSeguir as normas da vigil\u00e2ncia sanit\u00e1ria \u00e9 fundamental para garantir a sa\u00fade da popula\u00e7\u00e3o e acreditamos que essa intera\u00e7\u00e3o da vigil\u00e2ncia com os contadores ser\u00e1 muito importante para alinhar o processo e agilizar a legaliza\u00e7\u00e3o das empresas\u201d, comentou o Secret\u00e1rio de Sa\u00fade, Lu\u00eds Cruzick.<\/p>\n\n\n\n<p>O evento conta com o apoio do Sebrae e da Associa\u00e7\u00e3o dos Profissionais de Contabilidade de Petr\u00f3polis. Os interessados devem fazer uma inscri\u00e7\u00e3o pr\u00e9via no link: https:\/\/forms.office.com\/Pages\/ResponsePage.aspx?id=cYIpl9cbxUqTW4it3vY2zGo7tRvYMMxCibqzrzuiQulUNVZaR0ZYMTVQM0tGQlYxQUFMSU1ZQjRTRS4u<\/p>\n","protected":false},"excerpt":{"rendered":"<p>Evento acontece no pr\u00f3ximo dia seis de maio e interessados em participar devem fazer a<\/p>\n","protected":false},"author":2,"featured_media":103354,"comment_status":"open","ping_status":"open","sticky":false,"template":"","format":"standard","meta":{"footnotes":""},"categories":[12],"tags":[],"class_list":["post-103353","post","type-post","status-publish","format-standard","has-post-thumbnail","hentry","category-cidade"],"_links":{"self":[{"href":"https:\/\/tvc16.com\/portal\/wp-json\/wp\/v2\/posts\/103353","targetHints":{"allow":["GET"]}}],"collection":[{"href":"https:\/\/tvc16.com\/portal\/wp-json\/wp\/v2\/posts"}],"about":[{"href":"https:\/\/tvc16.com\/portal\/wp-json\/wp\/v2\/types\/post"}],"author":[{"embeddable":true,"href":"https:\/\/tvc16.com\/portal\/wp-json\/wp\/v2\/users\/2"}],"replies":[{"embeddable":true,"href":"https:\/\/tvc16.com\/portal\/wp-json\/wp\/v2\/comments?post=103353"}],"version-history":[{"count":1,"href":"https:\/\/tvc16.com\/portal\/wp-json\/wp\/v2\/posts\/103353\/revisions"}],"predecessor-version":[{"id":103355,"href":"https:\/\/tvc16.com\/portal\/wp-json\/wp\/v2\/posts\/103353\/revisions\/103355"}],"wp:featuredmedia":[{"embeddable":true,"href":"https:\/\/tvc16.com\/portal\/wp-json\/wp\/v2\/media\/103354"}],"wp:attachment":[{"href":"https:\/\/tvc16.com\/portal\/wp-json\/wp\/v2\/media?parent=103353"}],"wp:term":[{"taxonomy":"category","embeddable":true,"href":"https:\/\/tvc16.com\/portal\/wp-json\/wp\/v2\/categories?post=103353"},{"taxonomy":"post_tag","embeddable":true,"href":"https:\/\/tvc16.com\/portal\/wp-json\/wp\/v2\/tags?post=103353"}],"curies":[{"name":"wp","href":"https:\/\/api.w.org\/{rel}","templated":true}]}}