{"id":103356,"date":"2025-05-02T06:00:00","date_gmt":"2025-05-02T09:00:00","guid":{"rendered":"https:\/\/tvc16.com\/portal\/?p=103356"},"modified":"2025-04-29T09:46:04","modified_gmt":"2025-04-29T12:46:04","slug":"preenchimento-correto-da-declan-ate-20-de-maio-garante-mais-recursos-publicos-e-impulsiona-investimentos-em-areas-essenciais-para-a-populacao","status":"publish","type":"post","link":"https:\/\/tvc16.com\/portal\/2025\/05\/02\/preenchimento-correto-da-declan-ate-20-de-maio-garante-mais-recursos-publicos-e-impulsiona-investimentos-em-areas-essenciais-para-a-populacao\/","title":{"rendered":"Preenchimento correto da Declan at\u00e9 20 de maio garante mais recursos p\u00fablicos e impulsiona investimentos em \u00e1reas essenciais para a popula\u00e7\u00e3o"},"content":{"rendered":"\n<p>Empres\u00e1rios e contadores de Petr\u00f3polis t\u00eam at\u00e9 o dia 20 de maio para preencher a Declara\u00e7\u00e3o Anual para o \u00cdndice de Participa\u00e7\u00e3o dos Munic\u00edpios (DECLAN-IPM). O envio correto das informa\u00e7\u00f5es fiscais \u00e9 um passo fundamental para assegurar a entrada de recursos financeiros que fortalecem servi\u00e7os p\u00fablicos e ampliam a capacidade de investimento do munic\u00edpio.<\/p>\n\n\n\n<p>A Declan \u00e9 um instrumento exigido no Estado do Rio de Janeiro e utiliza dados fornecidos pelas empresas para compor o c\u00e1lculo do Valor Adicionado Fiscal (VAF). Esse indicador influencia diretamente na defini\u00e7\u00e3o da parte do Imposto sobre Circula\u00e7\u00e3o de Mercadorias e Servi\u00e7os (ICMS) que cada cidade recebe do governo estadual.<\/p>\n\n\n\n<p>O procedimento \u00e9 obrigat\u00f3rio para contribuintes do ICMS e para empresas do Simples Nacional que realizam opera\u00e7\u00f5es fora do estado ou possuam inscri\u00e7\u00e3o estadual. O preenchimento deve ser feito no programa Declan-IPM, disponibilizado pela Secretaria Estadual de Fazenda.<\/p>\n\n\n\n<p>O correto envio das informa\u00e7\u00f5es garante que Petr\u00f3polis tenha maior participa\u00e7\u00e3o no rateio do ICMS, permitindo a aplica\u00e7\u00e3o desses valores em educa\u00e7\u00e3o, sa\u00fade, mobilidade, seguran\u00e7a p\u00fablica e a\u00e7\u00f5es sociais, impactando o cotidiano dos cidad\u00e3os.<\/p>\n\n\n\n<p>Caso a declara\u00e7\u00e3o n\u00e3o seja realizada, ou ocorra o envio com erros, as empresas ficam sujeitas a multas e san\u00e7\u00f5es administrativas, incluindo a suspens\u00e3o da inscri\u00e7\u00e3o estadual. Para evitar problemas, \u00e9 recomendado o acompanhamento de um contador de confian\u00e7a e a confer\u00eancia detalhada dos dados antes do envio.<\/p>\n\n\n\n<p>\u201cO Declan \u00e9 mais do que uma obriga\u00e7\u00e3o legal. \u00c9 uma oportunidade de transformar nossos pr\u00f3prios esfor\u00e7os em melhorias reais. Quando uma empresa transmite corretamente suas informa\u00e7\u00f5es, ela contribui para que possamos ampliar servi\u00e7os, atender novas demandas e consolidar uma cidade que responde \u00e0s necessidades da sua gente\u201d, afirma o prefeito Hingo Hammes.<\/p>\n\n\n\n<p>Al\u00e9m de n\u00e3o representar custos adicionais para as empresas, j\u00e1 que se refere a tributos pagos durante o ano, a Declan \u00e9 essencial para corrigir distor\u00e7\u00f5es e assegurar que Petr\u00f3polis receba os valores a que tem direito, fortalecendo o or\u00e7amento p\u00fablico de maneira justa e proporcional.<\/p>\n\n\n\n<p>\u201cO preenchimento correto \u00e9 um gesto de responsabilidade coletiva. Cada dado lan\u00e7ado reflete um compromisso com o lugar onde vivemos. Nossa equipe est\u00e1 dispon\u00edvel para orientar e facilitar esse processo, porque entendemos que, mais do que cumprir prazos, estamos falando de garantir avan\u00e7os que tocam diretamente a vida das pessoas\u201d, diz o secret\u00e1rio de Fazenda, F\u00e1bio J\u00fanior.<\/p>\n","protected":false},"excerpt":{"rendered":"<p>Empres\u00e1rios e contadores de Petr\u00f3polis t\u00eam at\u00e9 o dia 20 de maio para preencher a<\/p>\n","protected":false},"author":2,"featured_media":67141,"comment_status":"open","ping_status":"open","sticky":false,"template":"","format":"standard","meta":{"footnotes":""},"categories":[12],"tags":[],"class_list":["post-103356","post","type-post","status-publish","format-standard","has-post-thumbnail","hentry","category-cidade"],"_links":{"self":[{"href":"https:\/\/tvc16.com\/portal\/wp-json\/wp\/v2\/posts\/103356","targetHints":{"allow":["GET"]}}],"collection":[{"href":"https:\/\/tvc16.com\/portal\/wp-json\/wp\/v2\/posts"}],"about":[{"href":"https:\/\/tvc16.com\/portal\/wp-json\/wp\/v2\/types\/post"}],"author":[{"embeddable":true,"href":"https:\/\/tvc16.com\/portal\/wp-json\/wp\/v2\/users\/2"}],"replies":[{"embeddable":true,"href":"https:\/\/tvc16.com\/portal\/wp-json\/wp\/v2\/comments?post=103356"}],"version-history":[{"count":1,"href":"https:\/\/tvc16.com\/portal\/wp-json\/wp\/v2\/posts\/103356\/revisions"}],"predecessor-version":[{"id":103357,"href":"https:\/\/tvc16.com\/portal\/wp-json\/wp\/v2\/posts\/103356\/revisions\/103357"}],"wp:featuredmedia":[{"embeddable":true,"href":"https:\/\/tvc16.com\/portal\/wp-json\/wp\/v2\/media\/67141"}],"wp:attachment":[{"href":"https:\/\/tvc16.com\/portal\/wp-json\/wp\/v2\/media?parent=103356"}],"wp:term":[{"taxonomy":"category","embeddable":true,"href":"https:\/\/tvc16.com\/portal\/wp-json\/wp\/v2\/categories?post=103356"},{"taxonomy":"post_tag","embeddable":true,"href":"https:\/\/tvc16.com\/portal\/wp-json\/wp\/v2\/tags?post=103356"}],"curies":[{"name":"wp","href":"https:\/\/api.w.org\/{rel}","templated":true}]}}