{"id":103358,"date":"2025-04-30T06:00:00","date_gmt":"2025-04-30T09:00:00","guid":{"rendered":"https:\/\/tvc16.com\/portal\/?p=103358"},"modified":"2025-04-29T09:46:45","modified_gmt":"2025-04-29T12:46:45","slug":"palestra-gratuita-sobre-reforma-tributaria-acontece-em-petropolis-com-apoio-da-prefeitura-2","status":"publish","type":"post","link":"https:\/\/tvc16.com\/portal\/2025\/04\/30\/palestra-gratuita-sobre-reforma-tributaria-acontece-em-petropolis-com-apoio-da-prefeitura-2\/","title":{"rendered":"Palestra gratuita sobre Reforma Tribut\u00e1ria acontece em Petr\u00f3polis com apoio da Prefeitura"},"content":{"rendered":"\n<p>No dia 30 de abril, a partir das 15h, Petr\u00f3polis receber\u00e1 uma palestra sobre Reforma Tribut\u00e1ria com o professor Edmilson Machado. O evento ser\u00e1 realizado na Casa dos Conselhos, no Centro, e \u00e9 gratuito. A iniciativa conta com o apoio da Prefeitura de Petr\u00f3polis.<\/p>\n\n\n\n<p>Voltada a empres\u00e1rios e profissionais da contabilidade, a atividade ir\u00e1 abordar as principais mudan\u00e7as no sistema tribut\u00e1rio brasileiro e os impactos esperados para o setor produtivo. A proposta \u00e9 esclarecer d\u00favidas e apresentar cen\u00e1rios para o novo modelo de arrecada\u00e7\u00e3o nacional.<\/p>\n\n\n\n<p>&#8220;O momento exige preparo t\u00e9cnico e atualiza\u00e7\u00e3o constante. Estar informado sobre a Reforma Tribut\u00e1ria \u00e9 essencial para que possamos tomar decis\u00f5es mais conscientes e alinhadas com a realidade fiscal do pa\u00eds&#8221;, afirmou o prefeito Hingo Hammes.<\/p>\n\n\n\n<p>Durante a palestra, ser\u00e1 realizada uma homenagem ao chefe do Executivo municipal, com a entrega de Mo\u00e7\u00e3o de Aplausos concedida pelo CRCRJ e SESCON\/RJ, organizadores do evento.<\/p>\n\n\n\n<p>De acordo com o secret\u00e1rio de Fazenda, Fabio Junior, o apoio institucional da Prefeitura tem como objetivo ampliar o acesso \u00e0 informa\u00e7\u00e3o qualificada. &#8220;\u00c9 uma oportunidade para aprofundar o entendimento sobre a reforma e fomentar o di\u00e1logo entre governo, setor cont\u00e1bil e empresarial&#8221;, completou.<\/p>\n","protected":false},"excerpt":{"rendered":"<p>No dia 30 de abril, a partir das 15h, Petr\u00f3polis receber\u00e1 uma palestra sobre Reforma<\/p>\n","protected":false},"author":2,"featured_media":85215,"comment_status":"open","ping_status":"open","sticky":false,"template":"","format":"standard","meta":{"footnotes":""},"categories":[12],"tags":[],"class_list":["post-103358","post","type-post","status-publish","format-standard","has-post-thumbnail","hentry","category-cidade"],"_links":{"self":[{"href":"https:\/\/tvc16.com\/portal\/wp-json\/wp\/v2\/posts\/103358","targetHints":{"allow":["GET"]}}],"collection":[{"href":"https:\/\/tvc16.com\/portal\/wp-json\/wp\/v2\/posts"}],"about":[{"href":"https:\/\/tvc16.com\/portal\/wp-json\/wp\/v2\/types\/post"}],"author":[{"embeddable":true,"href":"https:\/\/tvc16.com\/portal\/wp-json\/wp\/v2\/users\/2"}],"replies":[{"embeddable":true,"href":"https:\/\/tvc16.com\/portal\/wp-json\/wp\/v2\/comments?post=103358"}],"version-history":[{"count":1,"href":"https:\/\/tvc16.com\/portal\/wp-json\/wp\/v2\/posts\/103358\/revisions"}],"predecessor-version":[{"id":103359,"href":"https:\/\/tvc16.com\/portal\/wp-json\/wp\/v2\/posts\/103358\/revisions\/103359"}],"wp:featuredmedia":[{"embeddable":true,"href":"https:\/\/tvc16.com\/portal\/wp-json\/wp\/v2\/media\/85215"}],"wp:attachment":[{"href":"https:\/\/tvc16.com\/portal\/wp-json\/wp\/v2\/media?parent=103358"}],"wp:term":[{"taxonomy":"category","embeddable":true,"href":"https:\/\/tvc16.com\/portal\/wp-json\/wp\/v2\/categories?post=103358"},{"taxonomy":"post_tag","embeddable":true,"href":"https:\/\/tvc16.com\/portal\/wp-json\/wp\/v2\/tags?post=103358"}],"curies":[{"name":"wp","href":"https:\/\/api.w.org\/{rel}","templated":true}]}}