{"id":103360,"date":"2025-05-03T05:00:00","date_gmt":"2025-05-03T08:00:00","guid":{"rendered":"https:\/\/tvc16.com\/portal\/?p=103360"},"modified":"2025-04-29T17:03:07","modified_gmt":"2025-04-29T20:03:07","slug":"gabriel-reis-custodio-apresenta-concerto-de-violino-no-segundo-evento-da-serie-concertos-quinzenais-da-escola-de-musica-santa-cecilia","status":"publish","type":"post","link":"https:\/\/tvc16.com\/portal\/2025\/05\/03\/gabriel-reis-custodio-apresenta-concerto-de-violino-no-segundo-evento-da-serie-concertos-quinzenais-da-escola-de-musica-santa-cecilia\/","title":{"rendered":"Gabriel Reis Cust\u00f3dio apresenta concerto de violino no segundo evento da s\u00e9rie Concertos Quinzenais da Escola de M\u00fasica Santa Cec\u00edlia"},"content":{"rendered":"\n<p><em>Com entrada gratuita e capacidade para 140 pessoas, apresenta\u00e7\u00e3o ser\u00e1 no espa\u00e7o que agora \u00e9 oficialmente reconhecido como Ponto de Cultura<\/em><\/p>\n\n\n\n<p>No domingo, 4 de maio, \u00e0s 17h, o Teatro Reynaldo Chaves, no 4\u00ba andar da Escola de M\u00fasica Santa Cec\u00edlia (Rua Marechal Deodoro, 192 \u2013 Centro), recebe o segundo espet\u00e1culo do projeto Concertos Quinzenais \u2013 Arte Diversa, com o concerto \u201cO Violino na M\u00fasica Popular\u201d, do m\u00fasico Gabriel Reis Cust\u00f3dio. A entrada \u00e9 gratuita e n\u00e3o \u00e9 necess\u00e1rio retirar ingresso com anteced\u00eancia. O espa\u00e7o tem capacidade para 140 pessoas.<\/p>\n\n\n\n<p>Com mais de 12 anos de experi\u00eancia, Gabriel Reis Cust\u00f3dio \u00e9 multi-instrumentista, educador musical e coordenador de projetos voltados \u00e0 forma\u00e7\u00e3o de crian\u00e7as e jovens. Sua atua\u00e7\u00e3o se destaca pela habilidade em transitar entre o erudito e o popular, levando a m\u00fasica a escolas, ruas, igrejas e palcos com o mesmo entusiasmo e compromisso art\u00edstico. Em \u201cO Violino na M\u00fasica Popular\u201d, o artista prop\u00f5e uma escuta inovadora do instrumento, interpretando composi\u00e7\u00f5es de grandes nomes como Vin\u00edcius de Moraes, Luiz Gonzaga, Dominguinhos e Cartola, al\u00e9m de cl\u00e1ssicos internacionais de Carlos Gardel, Frank Sinatra, Michael Jackson e Bruno Mars.<\/p>\n\n\n\n<p>Mais do que uma apresenta\u00e7\u00e3o, o concerto \u00e9 um manifesto sonoro que rompe fronteiras entre g\u00eaneros e estilos. Com arranjos criativos, Gabriel revela a versatilidade e a expressividade do violino, mostrando que ele tamb\u00e9m \u00e9 protagonista na m\u00fasica popular brasileira e internacional.<\/p>\n\n\n\n<p>O projeto Concertos Quinzenais \u2013 Arte Diversa integra as a\u00e7\u00f5es da Escola de M\u00fasica Santa Cec\u00edlia como Ponto de Cultura, t\u00edtulo conquistado recentemente e que refor\u00e7a sua miss\u00e3o de democratizar o acesso \u00e0 arte e valorizar a diversidade musical. Ao longo do ano, ser\u00e3o realizados 20 concertos gratuitos, sempre com o objetivo de fortalecer a cena cultural local e aproximar artistas da comunidade.<\/p>\n\n\n\n<p>\u201cO teatro da Escola de M\u00fasica Santa Cec\u00edlia \u00e9 mais do que um espa\u00e7o f\u00edsico. \u00c9 um lugar de encontro, partilha e transforma\u00e7\u00e3o por meio da m\u00fasica. Ter uma programa\u00e7\u00e3o regular de concertos aqui fortalece o v\u00ednculo com a comunidade e reafirma nosso papel como ponto de cultura acess\u00edvel e diversa\u201d, afirma Janine Meirelles, presidente volunt\u00e1ria da institui\u00e7\u00e3o.<\/p>\n\n\n\n<p>A presidente ainda refor\u00e7a que a Escola de M\u00fasica Santa Cec\u00edlia \u00e9 uma das institui\u00e7\u00f5es culturais que se tornou Ponto de Cultura, ap\u00f3s vencer o edital de chamamento p\u00fablico 03\/2024, promovido pela Prefeitura Municipal de Petr\u00f3polis, Instituto Municipal de Cultura e Fundo Municipal de Cultura, que custei a projeto Concertos Quinzenais \u2013 Arte Diversa.<\/p>\n","protected":false},"excerpt":{"rendered":"<p>Com entrada gratuita e capacidade para 140 pessoas, apresenta\u00e7\u00e3o ser\u00e1 no espa\u00e7o que agora \u00e9<\/p>\n","protected":false},"author":2,"featured_media":103361,"comment_status":"open","ping_status":"open","sticky":false,"template":"","format":"standard","meta":{"footnotes":""},"categories":[12],"tags":[],"class_list":["post-103360","post","type-post","status-publish","format-standard","has-post-thumbnail","hentry","category-cidade"],"_links":{"self":[{"href":"https:\/\/tvc16.com\/portal\/wp-json\/wp\/v2\/posts\/103360","targetHints":{"allow":["GET"]}}],"collection":[{"href":"https:\/\/tvc16.com\/portal\/wp-json\/wp\/v2\/posts"}],"about":[{"href":"https:\/\/tvc16.com\/portal\/wp-json\/wp\/v2\/types\/post"}],"author":[{"embeddable":true,"href":"https:\/\/tvc16.com\/portal\/wp-json\/wp\/v2\/users\/2"}],"replies":[{"embeddable":true,"href":"https:\/\/tvc16.com\/portal\/wp-json\/wp\/v2\/comments?post=103360"}],"version-history":[{"count":1,"href":"https:\/\/tvc16.com\/portal\/wp-json\/wp\/v2\/posts\/103360\/revisions"}],"predecessor-version":[{"id":103362,"href":"https:\/\/tvc16.com\/portal\/wp-json\/wp\/v2\/posts\/103360\/revisions\/103362"}],"wp:featuredmedia":[{"embeddable":true,"href":"https:\/\/tvc16.com\/portal\/wp-json\/wp\/v2\/media\/103361"}],"wp:attachment":[{"href":"https:\/\/tvc16.com\/portal\/wp-json\/wp\/v2\/media?parent=103360"}],"wp:term":[{"taxonomy":"category","embeddable":true,"href":"https:\/\/tvc16.com\/portal\/wp-json\/wp\/v2\/categories?post=103360"},{"taxonomy":"post_tag","embeddable":true,"href":"https:\/\/tvc16.com\/portal\/wp-json\/wp\/v2\/tags?post=103360"}],"curies":[{"name":"wp","href":"https:\/\/api.w.org\/{rel}","templated":true}]}}