{"id":103375,"date":"2025-05-04T05:00:00","date_gmt":"2025-05-04T08:00:00","guid":{"rendered":"https:\/\/tvc16.com\/portal\/?p=103375"},"modified":"2025-04-29T12:08:53","modified_gmt":"2025-04-29T15:08:53","slug":"espetaculo-de-danca-infantil-r-u-i-a-realidade-ultrassonica-de-invasao-aleatoria-chega-a-petropolis-com-proposta-sensorial-e-imaginativa","status":"publish","type":"post","link":"https:\/\/tvc16.com\/portal\/2025\/05\/04\/espetaculo-de-danca-infantil-r-u-i-a-realidade-ultrassonica-de-invasao-aleatoria-chega-a-petropolis-com-proposta-sensorial-e-imaginativa\/","title":{"rendered":"Espet\u00e1culo de dan\u00e7a infantil R.U.I.A \u2013 Realidade Ultrass\u00f4nica de Invas\u00e3o Aleat\u00f3ria chega \u00e0 Petr\u00f3polis com proposta sensorial e imaginativa"},"content":{"rendered":"\n<p><em>Voltada para crian\u00e7as de 7 a 14 anos, produ\u00e7\u00e3o da companhia Dan\u00e7urbana vai ser apresentada nos Sescs Nogueira e Quitandinha<\/em><\/p>\n\n\n\n<p>A companhia de dan\u00e7a sul-mato-grossense Dan\u00e7urbana apresenta, em Petr\u00f3polis, um espet\u00e1culo infantil inovador, que convida o p\u00fablico a uma experi\u00eancia sensorial e imaginativa. Em maio, as unidades do Sesc Nogueira (8\/5) e Quitandinha (9\/5) recebem&nbsp;<strong>\u201cR.U.I.A \u2013 Realidade Ultrass\u00f4nica de Invas\u00e3o Aleat\u00f3ria\u201d<\/strong>, produ\u00e7\u00e3o voltada para crian\u00e7as de 7 a 14 anos.<\/p>\n\n\n\n<p>A escolha dessa faixa et\u00e1ria n\u00e3o \u00e9 \u00e0 toa: \u00e9 justamente no chamado segundo set\u00eanio \u2013 fase do desenvolvimento entre os 7 e 14 anos \u2013 que se intensificam processos como a forma\u00e7\u00e3o das rela\u00e7\u00f5es sociais, o aperfei\u00e7oamento da mem\u00f3ria cronol\u00f3gica e a compreens\u00e3o de no\u00e7\u00f5es como causa e efeito. Ou seja, \u00e9 um per\u00edodo f\u00e9rtil para experi\u00eancias que estimulem o corpo, a imagina\u00e7\u00e3o e a criatividade.&nbsp;&nbsp;<\/p>\n\n\n\n<p>A proposta do espet\u00e1culo \u00e9 simular uma invas\u00e3o ao recreio escolar, inserindo dan\u00e7a, imagina\u00e7\u00e3o e brincadeiras nesse espa\u00e7o do dia a dia, que ganha novos sentidos em cena.&nbsp;<\/p>\n\n\n\n<p>O processo de cria\u00e7\u00e3o de \u201cR.U.I.A\u201d foi inspirado na filosofia educacional de Rudolf Steiner. Por isso, a produ\u00e7\u00e3o contou com oficinas pr\u00e1ticas, como conta\u00e7\u00e3o de hist\u00f3rias e palha\u00e7aria, para alimentar a constru\u00e7\u00e3o da cena.&nbsp;<\/p>\n\n\n\n<p>Na apresenta\u00e7\u00e3o, os int\u00e9rpretes criadores Adailson Dagher, Ariane Nogueira, Daniel Andrade, Jackeline Mour\u00e3o, Livia Lopes e Reginaldo Borges trabalham com est\u00edmulos e objetos que s\u00e3o ressignificados e reinventados ao longo da performance.&nbsp;<\/p>\n\n\n\n<p>O espet\u00e1culo foi contemplado pelo Edital de Cultura Sesc RJ Pulsar 2024\/2025.&nbsp;<\/p>\n\n\n\n<p><strong>Universo Infantil<\/strong><\/p>\n\n\n\n<p>Segundo o diretor de \u201cR.U.I.A\u201d, Marcos Mattos, esta \u00e9 a primeira obra da Dan\u00e7urbana voltada especificamente para o universo infantil. No entanto, o desejo de criar um espet\u00e1culo para crian\u00e7as j\u00e1 era antigo dentro da companhia.&nbsp;<\/p>\n\n\n\n<p>\u201cEstudar a inf\u00e2ncia \u00e9, ao mesmo tempo, nos sensibilizar. Isso agu\u00e7a nossa curiosidade, impulsiona nosso desejo de nos modificarmos e melhorarmos como artistas. Pesquisar as tem\u00e1ticas da inf\u00e2ncia e da arte contempor\u00e2nea t\u00eam sido um desafio para a companhia. Para essa cria\u00e7\u00e3o, propomos a transversalidade de linguagens (poesia, brincadeiras e dan\u00e7a), al\u00e9m de identificarmos a necessidade de nos aproximarmos cada vez mais desse universo l\u00fadico, ritual\u00edstico e que estimula nossa imagina\u00e7\u00e3o\u201d, analisou.&nbsp;<\/p>\n\n\n\n<p>A diretora Renata Leoni conta que as crian\u00e7as se identificam imediatamente com a proposta, gerando uma troca de energia muito potente entre os bailarinos e o p\u00fablico infantil.&nbsp;<\/p>\n\n\n\n<p>\u201cA iniciativa alcan\u00e7ou bastante sucesso nas apresenta\u00e7\u00f5es que fizemos,&nbsp; principalmente em escolas p\u00fablicas de Campo Grande e pelo interior do Mato Grosso do Sul. Cada vez mais entendemos a import\u00e2ncia da arte nestes contextos, e fico muito feliz de poder compartilhar momentos como este. Espero que a inf\u00e2ncia siga sendo um espa\u00e7o f\u00e9rtil para a arte, todos os dias\u201d, contou.&nbsp;<\/p>\n\n\n\n<p><strong>Sobre a companhia&nbsp;&nbsp;<\/strong><\/p>\n\n\n\n<p>A DAN\u00c7URBANA \u00e9 uma companhia de dan\u00e7a em Campo Grande, Mato Grosso do Sul. Fundada em 2002, sua trajet\u00f3ria destaca-se pela circula\u00e7\u00e3o por 54 cidades brasileiras nos projetos Sesc Amaz\u00f4nia das Artes (2012) e Palco Girat\u00f3rio (2014). Recebeu apoio de institui\u00e7\u00f5es renomadas como O Botic\u00e1rio na Dan\u00e7a, Furnas Eletrobr\u00e1s e Digix em 2016 e 2017, por meio da Lei Federal de Incentivo \u00e0 Cultura. Em 2021, foi contemplada na linha de Pesquisa &amp; Desenvolvimento do Festival Panorama Raft (RJ). Mais recentemente, integrou a programa\u00e7\u00e3o de importantes festivais e projetos nacionais de artes c\u00eanicas, como o projeto Ensaios de Frui\u00e7\u00e3o do Ita\u00fa Cultural, a 13\u00aa Bienal Sesc de Dan\u00e7a de Campinas (2023) e o FIT &#8211; Festival Internacional de Teatro de S\u00e3o Jos\u00e9 do Rio Preto (2024). A Cia fomenta e articula a\u00e7\u00f5es em Rede, ou seja, trabalha de modo colaborativo com grupos, coletivos, institui\u00e7\u00f5es, artistas e trabalhadores da \u00e1rea na promo\u00e7\u00e3o e valoriza\u00e7\u00e3o da arte e cultura.<\/p>\n\n\n\n<p><strong>Ficha Art\u00edstica<\/strong><\/p>\n\n\n\n<p>Dire\u00e7\u00e3o: Marcos Mattos e Renata Leoni<\/p>\n\n\n\n<p>Int\u00e9rpretes-criadores: Adailson Dagher, Ariane Nogueira, Daniel Andrade, Jackeline Mour\u00e3o, Livia Lopes e Reginaldo Borges<\/p>\n\n\n\n<p>Provocadoras e colaboradoras: Paula Bueno e Mira\u00edra Noal<\/p>\n\n\n\n<p>Cen\u00e1rio: Ma\u00edra Esp\u00edndola<\/p>\n\n\n\n<p>Figurino: Ma\u00edra Esp\u00edndola e Dayane Bento<\/p>\n\n\n\n<p>Trilha-remix: Reginaldo Borges<\/p>\n\n\n\n<p>Produ\u00e7\u00e3o: Ralfer Campagna<\/p>\n\n\n\n<p>Classifica\u00e7\u00e3o indicativa: Livre<\/p>\n\n\n\n<p><strong>Servi\u00e7o:<\/strong><\/p>\n\n\n\n<p><strong>Sesc Nogueira&nbsp;<\/strong>Dia 8\/5, quinta-feira, \u00e0s 15h&nbsp;Endere\u00e7o: Estrada do Calembe, 2000 &#8211; Nogueira, Petr\u00f3polis&nbsp;Entrada gratuita<\/p>\n\n\n\n<p><strong>Centro Cultural Sesc Quitandinha<\/strong><strong><br><\/strong><strong><br><\/strong>Dia 9\/5, sexta-feira, \u00e0s 14h<br>Local: Sala das Crian\u00e7as<br>Endere\u00e7o: Avenida Joaquim Rolla, 2 &#8211; Quitandinha, Petr\u00f3polis<br>Entrada gratuita&nbsp;<\/p>\n\n\n\n<p>Foto: divulga\u00e7\u00e3o <\/p>\n","protected":false},"excerpt":{"rendered":"<p>Voltada para crian\u00e7as de 7 a 14 anos, produ\u00e7\u00e3o da companhia Dan\u00e7urbana vai ser apresentada<\/p>\n","protected":false},"author":2,"featured_media":103376,"comment_status":"open","ping_status":"open","sticky":false,"template":"","format":"standard","meta":{"footnotes":""},"categories":[12],"tags":[],"class_list":["post-103375","post","type-post","status-publish","format-standard","has-post-thumbnail","hentry","category-cidade"],"_links":{"self":[{"href":"https:\/\/tvc16.com\/portal\/wp-json\/wp\/v2\/posts\/103375","targetHints":{"allow":["GET"]}}],"collection":[{"href":"https:\/\/tvc16.com\/portal\/wp-json\/wp\/v2\/posts"}],"about":[{"href":"https:\/\/tvc16.com\/portal\/wp-json\/wp\/v2\/types\/post"}],"author":[{"embeddable":true,"href":"https:\/\/tvc16.com\/portal\/wp-json\/wp\/v2\/users\/2"}],"replies":[{"embeddable":true,"href":"https:\/\/tvc16.com\/portal\/wp-json\/wp\/v2\/comments?post=103375"}],"version-history":[{"count":1,"href":"https:\/\/tvc16.com\/portal\/wp-json\/wp\/v2\/posts\/103375\/revisions"}],"predecessor-version":[{"id":103377,"href":"https:\/\/tvc16.com\/portal\/wp-json\/wp\/v2\/posts\/103375\/revisions\/103377"}],"wp:featuredmedia":[{"embeddable":true,"href":"https:\/\/tvc16.com\/portal\/wp-json\/wp\/v2\/media\/103376"}],"wp:attachment":[{"href":"https:\/\/tvc16.com\/portal\/wp-json\/wp\/v2\/media?parent=103375"}],"wp:term":[{"taxonomy":"category","embeddable":true,"href":"https:\/\/tvc16.com\/portal\/wp-json\/wp\/v2\/categories?post=103375"},{"taxonomy":"post_tag","embeddable":true,"href":"https:\/\/tvc16.com\/portal\/wp-json\/wp\/v2\/tags?post=103375"}],"curies":[{"name":"wp","href":"https:\/\/api.w.org\/{rel}","templated":true}]}}