{"id":103378,"date":"2025-05-03T05:00:00","date_gmt":"2025-05-03T08:00:00","guid":{"rendered":"https:\/\/tvc16.com\/portal\/?p=103378"},"modified":"2025-04-29T12:33:06","modified_gmt":"2025-04-29T15:33:06","slug":"caixa-abre-selecao-publica-para-investir-r-120-milhoes-em-projetos-culturais","status":"publish","type":"post","link":"https:\/\/tvc16.com\/portal\/2025\/05\/03\/caixa-abre-selecao-publica-para-investir-r-120-milhoes-em-projetos-culturais\/","title":{"rendered":"CAIXA abre sele\u00e7\u00e3o p\u00fablica para investir R$ 120 milh\u00f5es em projetos culturais"},"content":{"rendered":"\n<p>A CAIXA lan\u00e7ou, na \u00faltima ter\u00e7a-feira (29), a Sele\u00e7\u00e3o CAIXA Cultural \u2013 Programa\u00e7\u00e3o 2026\/2027. O edital de ocupa\u00e7\u00e3o dos espa\u00e7os culturais do banco vai investir R$ 120 milh\u00f5es na sele\u00e7\u00e3o de projetos que ir\u00e3o compor a agenda de suas oito unidades entre janeiro de 2026 e dezembro de 2027.<\/p>\n\n\n\n<p>A CAIXA Cultural conta com unidades nas cidades de Bras\u00edlia (DF), Curitiba (PR), Fortaleza (CE), Recife (PE), Rio de Janeiro (RJ), Salvador (BA) e S\u00e3o Paulo (SP). A novidade desta edi\u00e7\u00e3o \u00e9 a inclus\u00e3o no edital da cidade Bel\u00e9m (PA), que ter\u00e1 sua unidade inaugurada em outubro de 2025, como parte das a\u00e7\u00f5es do banco na COP30.<\/p>\n\n\n\n<p>\u201cO objetivo da Sele\u00e7\u00e3o da CAIXA Cultural \u00e9 nacionalizar o investimento cultural e mostrar em nossos palcos e galerias a diversidade das culturas brasileiras. Assim, cumprimos o prop\u00f3sito da CAIXA e do Governo Federal de transformar a vida das pessoas&#8221;, afirma o presidente do banco, Carlos Vieira. &#8220;A CAIXA \u00e9 pioneira no investimento \u00e0 cultura, contribuindo com um mercado que movimenta a economia e proporciona emprego a milhares de brasileiros\u201d, conclui.<\/p>\n\n\n\n<p>Como se inscrever?<\/p>\n\n\n\n<p>As inscri\u00e7\u00f5es j\u00e1 est\u00e3o abertas e seguem at\u00e9 o dia 13 de junho exclusivamente pelo site&nbsp;<a href=\"http:\/\/www.selecaocaixacultural.com.br\/\" target=\"_blank\" rel=\"noreferrer noopener\">www.selecaocaixacultural.com.br<\/a>.&nbsp;Podem participar pessoas jur\u00eddicas e microempreendedores individuais cujo objeto social seja voltado \u00e0 atividade cultural.<\/p>\n\n\n\n<p>Voltado a projetos culturais de todo o pa\u00eds, o programa de ocupa\u00e7\u00e3o dos espa\u00e7os da CAIXA Cultural contempla diversas linguagens art\u00edsticas e mant\u00e9m o compromisso do banco com a valoriza\u00e7\u00e3o e a difus\u00e3o da arte em suas m\u00faltiplas express\u00f5es.<\/p>\n\n\n\n<p>Ser\u00e3o aceitas propostas nos segmentos de artes visuais, cinema, dan\u00e7a, m\u00fasica, teatro e viv\u00eancias. Projetos de festivais de dan\u00e7a, m\u00fasica ou teatro tamb\u00e9m podem ser inscritos desde que tenham programa\u00e7\u00e3o de atividades para a CAIXA Cultural.<\/p>\n\n\n\n<p><strong>Encontro com produtores culturais<\/strong><\/p>\n\n\n\n<p>Com o objetivo de refor\u00e7ar o papel da CAIXA no fomento da cultura brasileira e esclarecer poss\u00edveis d\u00favidas sobre o regulamento, a CAIXA Cultural realizar\u00e1 encontros presenciais com produtores culturais em v\u00e1rias cidades.<\/p>\n\n\n\n<p>O primeiro encontro ser\u00e1 no dia 12 de maio na CAIXA Cultural Rio de Janeiro. Bel\u00e9m, Belo Horizonte, Bras\u00edlia, Curitiba, Fortaleza, Goi\u00e2nia, Salvador, S\u00e3o Paulo e Recife tamb\u00e9m receber\u00e3o os encontros. Outros detalhes est\u00e3o dispon\u00edveis no site&nbsp;<a href=\"https:\/\/www.selecaocaixacultural.com.br\/\" target=\"_blank\" rel=\"noreferrer noopener\">www.selecaocaixacultural.com.br<\/a>.<\/p>\n\n\n\n<p><strong>\u00daltima edi\u00e7\u00e3o<\/strong><\/p>\n\n\n\n<p><br>A programa\u00e7\u00e3o da CAIXA Cultural de 2025 recebeu 6.144 inscri\u00e7\u00f5es, sendo selecionados 138 projetos para a programa\u00e7\u00e3o de janeiro a dezembro. Desse total, 34 projetos ocuparam mais de uma unidade da CAIXA Cultural, demonstrando o compromisso do banco em promover a circula\u00e7\u00e3o da produ\u00e7\u00e3o cultural pelo Brasil.<\/p>\n\n\n\n<p>Ao todo, os projetos selecionados v\u00e3o gerar 202 eventos, entre exposi\u00e7\u00f5es, shows, espet\u00e1culos, festivais e outras a\u00e7\u00f5es.<\/p>\n\n\n\n<p><strong>45 anos da CAIXA Cultural<\/strong><\/p>\n\n\n\n<p>Em 2025, a CAIXA Cultural celebra 45 anos como uma das maiores iniciativas de fomento \u00e0 cultura no Brasil. A CAIXA Cultural vem conectando p\u00fablicos, artistas e territ\u00f3rios por meio da arte, da educa\u00e7\u00e3o e da preserva\u00e7\u00e3o do patrim\u00f4nio cultural.<\/p>\n\n\n\n<p>Desde a inaugura\u00e7\u00e3o do primeiro conjunto cultural no ano de 1980, em Bras\u00edlia, a CAIXA tem valorizado a diversidade e a riqueza das express\u00f5es art\u00edsticas brasileiras, promovendo acesso democr\u00e1tico \u00e0 cultura e incentivando pr\u00e1ticas criativas por todo o pa\u00eds.<\/p>\n\n\n\n<p>Ao longo dessas quatro d\u00e9cadas e meia, a CAIXA Cultural consolidou a\u00e7\u00f5es marcantes como o Programa Educativo CAIXA Gente Arteira, refer\u00eancia em arte-educa\u00e7\u00e3o, e a preserva\u00e7\u00e3o de um grande acervo art\u00edstico e hist\u00f3rico. Com exposi\u00e7\u00f5es, espet\u00e1culos, oficinas e atividades formativas, a CAIXA Cultural se firma como espa\u00e7o vivo de encontros, mem\u00f3rias e possibilidades.<\/p>\n\n\n\n<p>Foto: divulga\u00e7\u00e3o <\/p>\n","protected":false},"excerpt":{"rendered":"<p>A CAIXA lan\u00e7ou, na \u00faltima ter\u00e7a-feira (29), a Sele\u00e7\u00e3o CAIXA Cultural \u2013 Programa\u00e7\u00e3o 2026\/2027. O<\/p>\n","protected":false},"author":2,"featured_media":103379,"comment_status":"open","ping_status":"open","sticky":false,"template":"","format":"standard","meta":{"footnotes":""},"categories":[17],"tags":[],"class_list":["post-103378","post","type-post","status-publish","format-standard","has-post-thumbnail","hentry","category-outras-noticias"],"_links":{"self":[{"href":"https:\/\/tvc16.com\/portal\/wp-json\/wp\/v2\/posts\/103378","targetHints":{"allow":["GET"]}}],"collection":[{"href":"https:\/\/tvc16.com\/portal\/wp-json\/wp\/v2\/posts"}],"about":[{"href":"https:\/\/tvc16.com\/portal\/wp-json\/wp\/v2\/types\/post"}],"author":[{"embeddable":true,"href":"https:\/\/tvc16.com\/portal\/wp-json\/wp\/v2\/users\/2"}],"replies":[{"embeddable":true,"href":"https:\/\/tvc16.com\/portal\/wp-json\/wp\/v2\/comments?post=103378"}],"version-history":[{"count":1,"href":"https:\/\/tvc16.com\/portal\/wp-json\/wp\/v2\/posts\/103378\/revisions"}],"predecessor-version":[{"id":103380,"href":"https:\/\/tvc16.com\/portal\/wp-json\/wp\/v2\/posts\/103378\/revisions\/103380"}],"wp:featuredmedia":[{"embeddable":true,"href":"https:\/\/tvc16.com\/portal\/wp-json\/wp\/v2\/media\/103379"}],"wp:attachment":[{"href":"https:\/\/tvc16.com\/portal\/wp-json\/wp\/v2\/media?parent=103378"}],"wp:term":[{"taxonomy":"category","embeddable":true,"href":"https:\/\/tvc16.com\/portal\/wp-json\/wp\/v2\/categories?post=103378"},{"taxonomy":"post_tag","embeddable":true,"href":"https:\/\/tvc16.com\/portal\/wp-json\/wp\/v2\/tags?post=103378"}],"curies":[{"name":"wp","href":"https:\/\/api.w.org\/{rel}","templated":true}]}}