{"id":103403,"date":"2025-05-03T05:00:00","date_gmt":"2025-05-03T08:00:00","guid":{"rendered":"https:\/\/tvc16.com\/portal\/?p=103403"},"modified":"2025-04-29T17:28:33","modified_gmt":"2025-04-29T20:28:33","slug":"projeto-de-lei-garante-reconhecimento-a-tradicao-do-montanhismo-em-petropolis","status":"publish","type":"post","link":"https:\/\/tvc16.com\/portal\/2025\/05\/03\/projeto-de-lei-garante-reconhecimento-a-tradicao-do-montanhismo-em-petropolis\/","title":{"rendered":"Projeto de Lei garante reconhecimento \u00e0 tradi\u00e7\u00e3o do montanhismo em Petr\u00f3polis"},"content":{"rendered":"\n<p>A C\u00e2mara Municipal de Petr\u00f3polis aprovou na \u00faltima ter\u00e7a-feira (29) o projeto de lei que institui o \u201cDia do Montanhismo Petropolitano\u201d, a ser celebrado anualmente no dia 28 de junho. A data passa a integrar oficialmente o Calend\u00e1rio de Eventos do Munic\u00edpio.<\/p>\n\n\n\n<p>A escolha desta data homenageia a funda\u00e7\u00e3o do Clube Excursionista de Petr\u00f3polis (CEP), criado em 1931. O CEP foi a segunda agremia\u00e7\u00e3o de montanhismo do Brasil, sendo refer\u00eancia hist\u00f3rica para a pr\u00e1tica da atividade no pa\u00eds.<\/p>\n\n\n\n<p>O projeto reconhece a import\u00e2ncia do montanhismo como atividade esportiva, cultural e ecol\u00f3gica, e fortalece o trabalho de comunidades locais que atuam na conserva\u00e7\u00e3o de trilhas, na negocia\u00e7\u00e3o de acessos e na difus\u00e3o das boas pr\u00e1ticas sustent\u00e1veis, em conson\u00e2ncia com leis j\u00e1 existentes (Lei Municipal n\u00ba 7478\/2016, n\u00ba 8065\/2020 e n\u00ba 8394\/2022).<\/p>\n\n\n\n<p>A medida visa ainda fortalecer a imagem da cidade nos circuitos nacional e internacional de turismo ecol\u00f3gico, com a\u00e7\u00f5es educativas, produ\u00e7\u00e3o de materiais informativos e valoriza\u00e7\u00e3o das \u00e1reas naturais de Petr\u00f3polis.<\/p>\n\n\n\n<p>Foto: divulga\u00e7\u00e3o<\/p>\n","protected":false},"excerpt":{"rendered":"<p>A C\u00e2mara Municipal de Petr\u00f3polis aprovou na \u00faltima ter\u00e7a-feira (29) o projeto de lei que<\/p>\n","protected":false},"author":2,"featured_media":99820,"comment_status":"open","ping_status":"open","sticky":false,"template":"","format":"standard","meta":{"footnotes":""},"categories":[12],"tags":[],"class_list":["post-103403","post","type-post","status-publish","format-standard","has-post-thumbnail","hentry","category-cidade"],"_links":{"self":[{"href":"https:\/\/tvc16.com\/portal\/wp-json\/wp\/v2\/posts\/103403","targetHints":{"allow":["GET"]}}],"collection":[{"href":"https:\/\/tvc16.com\/portal\/wp-json\/wp\/v2\/posts"}],"about":[{"href":"https:\/\/tvc16.com\/portal\/wp-json\/wp\/v2\/types\/post"}],"author":[{"embeddable":true,"href":"https:\/\/tvc16.com\/portal\/wp-json\/wp\/v2\/users\/2"}],"replies":[{"embeddable":true,"href":"https:\/\/tvc16.com\/portal\/wp-json\/wp\/v2\/comments?post=103403"}],"version-history":[{"count":1,"href":"https:\/\/tvc16.com\/portal\/wp-json\/wp\/v2\/posts\/103403\/revisions"}],"predecessor-version":[{"id":103404,"href":"https:\/\/tvc16.com\/portal\/wp-json\/wp\/v2\/posts\/103403\/revisions\/103404"}],"wp:featuredmedia":[{"embeddable":true,"href":"https:\/\/tvc16.com\/portal\/wp-json\/wp\/v2\/media\/99820"}],"wp:attachment":[{"href":"https:\/\/tvc16.com\/portal\/wp-json\/wp\/v2\/media?parent=103403"}],"wp:term":[{"taxonomy":"category","embeddable":true,"href":"https:\/\/tvc16.com\/portal\/wp-json\/wp\/v2\/categories?post=103403"},{"taxonomy":"post_tag","embeddable":true,"href":"https:\/\/tvc16.com\/portal\/wp-json\/wp\/v2\/tags?post=103403"}],"curies":[{"name":"wp","href":"https:\/\/api.w.org\/{rel}","templated":true}]}}