{"id":103409,"date":"2025-05-04T05:00:00","date_gmt":"2025-05-04T08:00:00","guid":{"rendered":"https:\/\/tvc16.com\/portal\/?p=103409"},"modified":"2025-04-29T17:54:23","modified_gmt":"2025-04-29T20:54:23","slug":"festa-de-sao-joao-batista-na-posse-podera-ser-reconhecida-como-patrimonio-cultural-de-petropolis","status":"publish","type":"post","link":"https:\/\/tvc16.com\/portal\/2025\/05\/04\/festa-de-sao-joao-batista-na-posse-podera-ser-reconhecida-como-patrimonio-cultural-de-petropolis\/","title":{"rendered":"Festa de S\u00e3o Jo\u00e3o Batista na Posse poder\u00e1 ser reconhecida como Patrim\u00f4nio Cultural de Petr\u00f3polis"},"content":{"rendered":"\n<p>Na \u00faltima ter\u00e7a-feira (29), foi aprovado na C\u00e2mara Municipal o projeto de lei que declara como Patrim\u00f4nio Cultural Imaterial do Munic\u00edpio de Petr\u00f3polis\/RJ a Festa e as Celebra\u00e7\u00f5es do Padroeiro S\u00e3o Jo\u00e3o Batista, realizadas anualmente pela Igreja Matriz da Posse, no 5\u00ba distrito da cidade.<\/p>\n\n\n\n<p>Com a nova legisla\u00e7\u00e3o, ser\u00e3o reconhecidas oficialmente como parte do patrim\u00f4nio imaterial da cidade as manifesta\u00e7\u00f5es culturais e religiosas que comp\u00f5em a festividade: a novena, a missa solene, a prociss\u00e3o tradicional e a festa popular.<\/p>\n\n\n\n<p>Celebrada em 24 de junho, a Festa de S\u00e3o Jo\u00e3o Batista \u00e9 uma das mais tradicionais do interior de Petr\u00f3polis, atraindo moradores e turistas com programa\u00e7\u00e3o que une f\u00e9, cultura popular, gastronomia t\u00edpica e express\u00f5es art\u00edsticas regionais. O evento movimenta a economia local e \u00e9 considerado s\u00edmbolo da identidade da comunidade da Posse.<\/p>\n\n\n\n<p>A data, que j\u00e1 integra o calend\u00e1rio afetivo da regi\u00e3o, \u00e9 marcada por um costume antigo: o fechamento do com\u00e9rcio local durante o dia, para que fam\u00edlias inteiras possam participar das celebra\u00e7\u00f5es. O projeto de lei pretende fortalecer a preserva\u00e7\u00e3o dessas tradi\u00e7\u00f5es e contribuir para a constru\u00e7\u00e3o de pol\u00edticas p\u00fablicas voltadas \u00e0 valoriza\u00e7\u00e3o das manifesta\u00e7\u00f5es culturais populares.<\/p>\n\n\n\n<p>Foto: arquivo TVC<\/p>\n","protected":false},"excerpt":{"rendered":"<p>Na \u00faltima ter\u00e7a-feira (29), foi aprovado na C\u00e2mara Municipal o projeto de lei que declara<\/p>\n","protected":false},"author":2,"featured_media":77330,"comment_status":"open","ping_status":"open","sticky":false,"template":"","format":"standard","meta":{"footnotes":""},"categories":[12],"tags":[],"class_list":["post-103409","post","type-post","status-publish","format-standard","has-post-thumbnail","hentry","category-cidade"],"_links":{"self":[{"href":"https:\/\/tvc16.com\/portal\/wp-json\/wp\/v2\/posts\/103409","targetHints":{"allow":["GET"]}}],"collection":[{"href":"https:\/\/tvc16.com\/portal\/wp-json\/wp\/v2\/posts"}],"about":[{"href":"https:\/\/tvc16.com\/portal\/wp-json\/wp\/v2\/types\/post"}],"author":[{"embeddable":true,"href":"https:\/\/tvc16.com\/portal\/wp-json\/wp\/v2\/users\/2"}],"replies":[{"embeddable":true,"href":"https:\/\/tvc16.com\/portal\/wp-json\/wp\/v2\/comments?post=103409"}],"version-history":[{"count":1,"href":"https:\/\/tvc16.com\/portal\/wp-json\/wp\/v2\/posts\/103409\/revisions"}],"predecessor-version":[{"id":103410,"href":"https:\/\/tvc16.com\/portal\/wp-json\/wp\/v2\/posts\/103409\/revisions\/103410"}],"wp:featuredmedia":[{"embeddable":true,"href":"https:\/\/tvc16.com\/portal\/wp-json\/wp\/v2\/media\/77330"}],"wp:attachment":[{"href":"https:\/\/tvc16.com\/portal\/wp-json\/wp\/v2\/media?parent=103409"}],"wp:term":[{"taxonomy":"category","embeddable":true,"href":"https:\/\/tvc16.com\/portal\/wp-json\/wp\/v2\/categories?post=103409"},{"taxonomy":"post_tag","embeddable":true,"href":"https:\/\/tvc16.com\/portal\/wp-json\/wp\/v2\/tags?post=103409"}],"curies":[{"name":"wp","href":"https:\/\/api.w.org\/{rel}","templated":true}]}}