{"id":103415,"date":"2025-04-30T08:43:56","date_gmt":"2025-04-30T11:43:56","guid":{"rendered":"https:\/\/tvc16.com\/portal\/?p=103415"},"modified":"2025-04-30T08:43:56","modified_gmt":"2025-04-30T11:43:56","slug":"desemprego-entre-jovens-cai-pela-metade-entre-2019-e-2024","status":"publish","type":"post","link":"https:\/\/tvc16.com\/portal\/2025\/04\/30\/desemprego-entre-jovens-cai-pela-metade-entre-2019-e-2024\/","title":{"rendered":"Desemprego entre jovens cai pela metade entre 2019 e 2024"},"content":{"rendered":"\n<p><em>Pesquisa mostra queda no n\u00famero dos que n\u00e3o estudam nem trabalham<\/em><\/p>\n\n\n\n<p>Por Ag\u00eancia Brasil \/ Foto: Marcello Casal jr\/Ag\u00eancia Brasil<\/p>\n\n\n\n<p><\/p>\n\n\n\n<p>Nos \u00faltimos tr\u00eas meses do ano passado, a taxa de desemprego dos jovens entre 14 e 24 anos de idade caiu pela metade na compara\u00e7\u00e3o com o mesmo per\u00edodo de 2019. Levantamento in\u00e9dito do Minist\u00e9rio do Trabalho e Emprego (MTE) foi divulgado hoje (29), em S\u00e3o Paulo, durante o evento Empregabilidade Jovem Brasil, promovido pelo Centro de Integra\u00e7\u00e3o Empresa-Escola (CIEE).<img decoding=\"async\" src=\"https:\/\/agenciabrasil.ebc.com.br\/ebc.png?id=1640912&amp;o=node\"><img decoding=\"async\" src=\"https:\/\/agenciabrasil.ebc.com.br\/ebc.gif?id=1640912&amp;o=node\"><\/p>\n\n\n\n<p>Segundo a pesquisa, a taxa de desemprego entre jovens passou de 25,2% no quarto trimestre de 2019, quando teve in\u00edcio a s\u00e9rie hist\u00f3rica, para 14,3% no ano passado. Isso significa que o n\u00famero de jovens sem emprego passou de&nbsp;4,8 milh\u00f5es de pessoas em 2019 para 2,4 milh\u00f5es no ano passado.<\/p>\n\n\n\n<p>Tamb\u00e9m houve queda no n\u00famero de jovens entre 18 e 24 anos que n\u00e3o estudam&nbsp;nem trabalham, que agora somam 5,3 milh\u00f5es de brasileiros, menor patamar da s\u00e9rie hist\u00f3rica.<\/p>\n\n\n\n<p>O quantitativo de estagi\u00e1rios continua crescendo e passou de 642 mil em 2023 para 990 mil no primeiro bimestre deste ano.<br><\/p>\n","protected":false},"excerpt":{"rendered":"<p>Pesquisa mostra queda no n\u00famero dos que n\u00e3o estudam nem trabalham Por Ag\u00eancia Brasil \/<\/p>\n","protected":false},"author":2,"featured_media":103416,"comment_status":"open","ping_status":"open","sticky":false,"template":"","format":"standard","meta":{"footnotes":""},"categories":[17],"tags":[],"class_list":["post-103415","post","type-post","status-publish","format-standard","has-post-thumbnail","hentry","category-outras-noticias"],"_links":{"self":[{"href":"https:\/\/tvc16.com\/portal\/wp-json\/wp\/v2\/posts\/103415","targetHints":{"allow":["GET"]}}],"collection":[{"href":"https:\/\/tvc16.com\/portal\/wp-json\/wp\/v2\/posts"}],"about":[{"href":"https:\/\/tvc16.com\/portal\/wp-json\/wp\/v2\/types\/post"}],"author":[{"embeddable":true,"href":"https:\/\/tvc16.com\/portal\/wp-json\/wp\/v2\/users\/2"}],"replies":[{"embeddable":true,"href":"https:\/\/tvc16.com\/portal\/wp-json\/wp\/v2\/comments?post=103415"}],"version-history":[{"count":1,"href":"https:\/\/tvc16.com\/portal\/wp-json\/wp\/v2\/posts\/103415\/revisions"}],"predecessor-version":[{"id":103417,"href":"https:\/\/tvc16.com\/portal\/wp-json\/wp\/v2\/posts\/103415\/revisions\/103417"}],"wp:featuredmedia":[{"embeddable":true,"href":"https:\/\/tvc16.com\/portal\/wp-json\/wp\/v2\/media\/103416"}],"wp:attachment":[{"href":"https:\/\/tvc16.com\/portal\/wp-json\/wp\/v2\/media?parent=103415"}],"wp:term":[{"taxonomy":"category","embeddable":true,"href":"https:\/\/tvc16.com\/portal\/wp-json\/wp\/v2\/categories?post=103415"},{"taxonomy":"post_tag","embeddable":true,"href":"https:\/\/tvc16.com\/portal\/wp-json\/wp\/v2\/tags?post=103415"}],"curies":[{"name":"wp","href":"https:\/\/api.w.org\/{rel}","templated":true}]}}