{"id":103424,"date":"2025-04-30T09:07:27","date_gmt":"2025-04-30T12:07:27","guid":{"rendered":"https:\/\/tvc16.com\/portal\/?p=103424"},"modified":"2025-04-30T09:07:28","modified_gmt":"2025-04-30T12:07:28","slug":"cultura-do-estado-lanca-pacote-de-acoes-para-celebrar-o-rio-capital-mundial-do-livro","status":"publish","type":"post","link":"https:\/\/tvc16.com\/portal\/2025\/04\/30\/cultura-do-estado-lanca-pacote-de-acoes-para-celebrar-o-rio-capital-mundial-do-livro\/","title":{"rendered":"Cultura do Estado lan\u00e7a pacote de a\u00e7\u00f5es para celebrar o &#8220;Rio, Capital Mundial do Livro&#8221;"},"content":{"rendered":"\n<p><em>Campanha &#8220;Do Rio ao RJ&#8221; investe em editais, programas de forma\u00e7\u00e3o e iniciativas que fomentam a pr\u00e1tica da leitura<\/em><\/p>\n\n\n\n<p>O Rio de Janeiro ser\u00e1, este ano, o centro mundial da literatura e ter\u00e1 a responsabilidade de ser a primeira cidade de l\u00edngua portuguesa a receber o t\u00edtulo de &#8220;Capital Mundial do Livro&#8221;, concedido pela Unesco. E o Governo do Estado est\u00e1 pronto para contar essa hist\u00f3ria com uma s\u00e9rie de iniciativas voltadas ao incentivo \u00e0 leitura. Nesta ter\u00e7a-feira (29\/4), a Secretaria de Estado de Cultura e Economia Criativa do Rio de Janeiro (Sececrj) divulgou, oficialmente, a campanha &#8220;Do Rio ao RJ&#8221;, com uma programa\u00e7\u00e3o repleta de novidades. O an\u00fancio foi realizado durante evento na Biblioteca Parque Estadual, Centro &#8211; RJ.<\/p>\n\n\n\n<p>&#8211; \u00c9 um compromisso do Governo do Estado o fortalecimento de pol\u00edticas e a\u00e7\u00f5es de incentivo \u00e0 cultura no nosso estado. Entendemos a import\u00e2ncia da literatura para todas as idades, mas sobretudo para as crian\u00e7as e adolescentes. O investimento no setor cultural representa nossa miss\u00e3o de impulsionar a juventude a correr atr\u00e1s dos seus sonhos e exercitar a criatividade &#8211; destacou o governador Cl\u00e1udio Castro.<\/p>\n\n\n\n<p>Entre as a\u00e7\u00f5es, est\u00e1 o lan\u00e7amento de um pacote composto por quatro editais liter\u00e1rios, com premia\u00e7\u00e3o total de mais de R$ 10 milh\u00f5es, e a cria\u00e7\u00e3o de um programa de forma\u00e7\u00e3o de agentes de leitura. A Biblioteca Parque Estadual (BPE), localizada no Centro, promete ser o epicentro das a\u00e7\u00f5es, com programa\u00e7\u00e3o especial, uma nova pintura que remete \u00e0 tem\u00e1tica da literatura e a instala\u00e7\u00e3o da exposi\u00e7\u00e3o interativa, imersiva e in\u00e9dita sobre o livro &#8220;O Pequeno Pr\u00edncipe&#8221;, prevista ainda para este semestre.<\/p>\n\n\n\n<p>&#8211; O t\u00edtulo de Capital Mundial do Livro \u00e9 um reconhecimento internacional da for\u00e7a criativa e liter\u00e1ria do Rio. E no Governo do Estado, n\u00f3s temos atuado para ampliar o acesso \u00e0 cultura de forma democr\u00e1tica, chegando a todos os territ\u00f3rios, n\u00e3o s\u00f3 na capital, mas tamb\u00e9m no interior. Investir na cultura e, especialmente na literatura, \u00e9 investir no futuro &#8211; declarou a Secret\u00e1ria de Estado de Cultura e Economia Criativa do Rio de Janeiro, Danielle Barros.<\/p>\n\n\n\n<p>Durante o evento, foi lan\u00e7ado tamb\u00e9m o livro Poesia Travessia, de Roseana Murray, que esteva presente e foi homenageada. A escritora assume o t\u00edtulo de madrinha do novo Programa de Forma\u00e7\u00e3o de Agentes de Leitura das Bibliotecas P\u00fablicas e Comunit\u00e1rias do Estado.<\/p>\n\n\n\n<p>&#8211; \u00c9 uma alegria t\u00e3o inesperada receber essa homenagem e, justamente, no ano que completo 45 anos de publica\u00e7\u00f5es cont\u00ednuas. A poesia \u00e9 a minha primeira raz\u00e3o de estar aqui na Terra e a segunda \u00e9 contribuir na forma\u00e7\u00e3o de leitores. Um leitor cr\u00edtico n\u00e3o se deixa enganar e \u00e9 atrav\u00e9s da literatura que poderemos criar empatia nas pr\u00f3ximas gera\u00e7\u00f5es para construirmos uma sociedade melhor &#8211; afirmou Roseana Murray.<\/p>\n\n\n\n<p><strong>Literatura por todo o estado<\/strong><\/p>\n\n\n\n<p>Durante o ano, o Governo do Estado tamb\u00e9m promover\u00e1 outras importantes a\u00e7\u00f5es: participa\u00e7\u00e3o na Bienal do Livro e na Festa Liter\u00e1ria Internacional de Paraty (Flip), al\u00e9m do recadastramento de todas as bibliotecas e salas de leitura do estado e aquisi\u00e7\u00e3o de acervo atualizado para as Bibliotecas Parque e pro Sistema Estadual de Bibliotecas (SEB).<\/p>\n\n\n\n<p>A Sececrj, atrav\u00e9s da Superintend\u00eancia de Leitura e Conhecimento, ainda mant\u00e9m tr\u00eas Bibliotecas Parque &#8211; no Centro, Manguinhos e Rocinha -, que cumprem papel de integra\u00e7\u00e3o com os territ\u00f3rios e atuam para al\u00e9m do campo da leitura, sendo, ainda, equipamentos culturais multiusos. Atualmente as tr\u00eas unidades est\u00e3o abertas e passam por reformas para melhorar ainda mais o atendimento e as oportunidades ao cidad\u00e3o.<\/p>\n\n\n\n<p>&#8211; A literatura e a leitura podem ser pontos de partida para diversos encontros. Nossos espa\u00e7os recebem teatro, m\u00fasica, dan\u00e7a, cinema, esportes, capacita\u00e7\u00e3o t\u00e9cnica profissional, l\u00ednguas estrangeiras e diversas atividades que ajudam a apresentar e dar oportunidade a crian\u00e7as, jovens e adultos de experimentar o novo nos seus territ\u00f3rios &#8211; afirmou o superintendente de Leitura e Conhecimento da Sececrj, Gabriel Salabert.<\/p>\n\n\n\n<p><strong>Pacote de editais<\/strong><\/p>\n\n\n\n<p>Com aporte financeiro de mais de R$ 10 milh\u00f5es, o pacote de editais &#8220;Literatura do Rio ao RJ&#8221;, a ser lan\u00e7ado na Bienal do Livro, contemplar\u00e1 as seguintes linhas: conta\u00e7\u00e3o de hist\u00f3rias; projetos de feiras liter\u00e1rias e forma\u00e7\u00e3o; publica\u00e7\u00e3o de livros e produ\u00e7\u00e3o de obras art\u00edsticas de outras linguagens inspiradas em livros; e manuten\u00e7\u00e3o de espa\u00e7os liter\u00e1rios. No segundo semestre, um quinto edital ser\u00e1 lan\u00e7ado para premiar projetos de pintura de arte urbana, dentro da tem\u00e1tica de literatura.<\/p>\n\n\n\n<p><strong>Programa de capacita\u00e7\u00e3o<\/strong><\/p>\n\n\n\n<p>O Agentes da Leitura vai oferecer oficinas de temas variados voltados \u00e0 literatura com o objetivo de capacitar profissionais para a forma\u00e7\u00e3o de novos leitores. Ser\u00e3o ofertadas oficinas quinzenais nas dez regi\u00f5es fluminenses, com 15 temas variados, que passam pela conta\u00e7\u00e3o de hist\u00f3rias, leitura e forma\u00e7\u00e3o de leitores, literatura infantil, jogos teatrais, literatura e cidadania, literatura e futebol e muito mais.<\/p>\n\n\n\n<p><strong>Pintura e reforma<\/strong><\/p>\n\n\n\n<p>A nova interven\u00e7\u00e3o art\u00edstica na fachada da Biblioteca Parque Estadual, realizada pelo projeto Rua Walls, marca a celebra\u00e7\u00e3o do m\u00eas do livro e reafirma o compromisso do Rio de Janeiro com a cultura, a leitura e a democratiza\u00e7\u00e3o do conhecimento. Aproveitando a recente reforma do edif\u00edcio e a fachada agora em branco, o coletivo MUDA prop\u00f5e um painel de car\u00e1ter cin\u00e9tico, pensado para dialogar com o fluxo intenso da Avenida Presidente Vargas, e convida o p\u00fablico a uma experi\u00eancia sensorial: conforme o olhar se movimenta, cores e formas se revelam e se transformam, criando uma narrativa visual em constante muta\u00e7\u00e3o.<\/p>\n\n\n\n<p>Al\u00e9m disso, a BPE tamb\u00e9m est\u00e1 passando por reforma, realizada pela Empresa de Obras P\u00fablicas do Rio de Janeiro (EMOP-RJ), com investimento de R$ 4,7 milh\u00f5es.<\/p>\n","protected":false},"excerpt":{"rendered":"<p>Campanha &#8220;Do Rio ao RJ&#8221; investe em editais, programas de forma\u00e7\u00e3o e iniciativas que fomentam<\/p>\n","protected":false},"author":2,"featured_media":68291,"comment_status":"open","ping_status":"open","sticky":false,"template":"","format":"standard","meta":{"footnotes":""},"categories":[17],"tags":[],"class_list":["post-103424","post","type-post","status-publish","format-standard","has-post-thumbnail","hentry","category-outras-noticias"],"_links":{"self":[{"href":"https:\/\/tvc16.com\/portal\/wp-json\/wp\/v2\/posts\/103424","targetHints":{"allow":["GET"]}}],"collection":[{"href":"https:\/\/tvc16.com\/portal\/wp-json\/wp\/v2\/posts"}],"about":[{"href":"https:\/\/tvc16.com\/portal\/wp-json\/wp\/v2\/types\/post"}],"author":[{"embeddable":true,"href":"https:\/\/tvc16.com\/portal\/wp-json\/wp\/v2\/users\/2"}],"replies":[{"embeddable":true,"href":"https:\/\/tvc16.com\/portal\/wp-json\/wp\/v2\/comments?post=103424"}],"version-history":[{"count":1,"href":"https:\/\/tvc16.com\/portal\/wp-json\/wp\/v2\/posts\/103424\/revisions"}],"predecessor-version":[{"id":103425,"href":"https:\/\/tvc16.com\/portal\/wp-json\/wp\/v2\/posts\/103424\/revisions\/103425"}],"wp:featuredmedia":[{"embeddable":true,"href":"https:\/\/tvc16.com\/portal\/wp-json\/wp\/v2\/media\/68291"}],"wp:attachment":[{"href":"https:\/\/tvc16.com\/portal\/wp-json\/wp\/v2\/media?parent=103424"}],"wp:term":[{"taxonomy":"category","embeddable":true,"href":"https:\/\/tvc16.com\/portal\/wp-json\/wp\/v2\/categories?post=103424"},{"taxonomy":"post_tag","embeddable":true,"href":"https:\/\/tvc16.com\/portal\/wp-json\/wp\/v2\/tags?post=103424"}],"curies":[{"name":"wp","href":"https:\/\/api.w.org\/{rel}","templated":true}]}}