{"id":103432,"date":"2025-04-30T09:18:52","date_gmt":"2025-04-30T12:18:52","guid":{"rendered":"https:\/\/tvc16.com\/portal\/?p=103432"},"modified":"2025-04-30T09:18:53","modified_gmt":"2025-04-30T12:18:53","slug":"policia-civil-prende-grupo-de-traficantes-em-nova-friburgo","status":"publish","type":"post","link":"https:\/\/tvc16.com\/portal\/2025\/04\/30\/policia-civil-prende-grupo-de-traficantes-em-nova-friburgo\/","title":{"rendered":"Pol\u00edcia Civil prende grupo de traficantes em Nova Friburgo"},"content":{"rendered":"\n<p>Policiais civis da 151\u00aa DP (Nova Friburgo), com apoio de policiais militares, prenderam, nesta segunda-feira (28\/04), tr\u00eas homens pelos crimes de tr\u00e1fico de drogas e associa\u00e7\u00e3o para o tr\u00e1fico de drogas. Eles foram capturados no bairro de S\u00e3o Geraldo, em Nova Friburgo, na Regi\u00e3o Serrana.<\/p>\n\n\n\n<p>De acordo com os agentes, eles foram at\u00e9 ao local para verificar uma den\u00fancia de venda de drogas. No momento em que chegaram, os policiais surpreenderam os criminosos e apreenderam grande quantidade de entorpecentes, al\u00e9m de r\u00e1dios comunicadores.<\/p>\n\n\n\n<p>Na a\u00e7\u00e3o, um menor foi apreendido por atos infracionais an\u00e1logos aos crimes de tr\u00e1fico de drogas e associa\u00e7\u00e3o para o tr\u00e1fico de drogas.<\/p>\n","protected":false},"excerpt":{"rendered":"<p>Policiais civis da 151\u00aa DP (Nova Friburgo), com apoio de policiais militares, prenderam, nesta segunda-feira<\/p>\n","protected":false},"author":2,"featured_media":101509,"comment_status":"open","ping_status":"open","sticky":false,"template":"","format":"standard","meta":{"footnotes":""},"categories":[17],"tags":[],"class_list":["post-103432","post","type-post","status-publish","format-standard","has-post-thumbnail","hentry","category-outras-noticias"],"_links":{"self":[{"href":"https:\/\/tvc16.com\/portal\/wp-json\/wp\/v2\/posts\/103432","targetHints":{"allow":["GET"]}}],"collection":[{"href":"https:\/\/tvc16.com\/portal\/wp-json\/wp\/v2\/posts"}],"about":[{"href":"https:\/\/tvc16.com\/portal\/wp-json\/wp\/v2\/types\/post"}],"author":[{"embeddable":true,"href":"https:\/\/tvc16.com\/portal\/wp-json\/wp\/v2\/users\/2"}],"replies":[{"embeddable":true,"href":"https:\/\/tvc16.com\/portal\/wp-json\/wp\/v2\/comments?post=103432"}],"version-history":[{"count":1,"href":"https:\/\/tvc16.com\/portal\/wp-json\/wp\/v2\/posts\/103432\/revisions"}],"predecessor-version":[{"id":103433,"href":"https:\/\/tvc16.com\/portal\/wp-json\/wp\/v2\/posts\/103432\/revisions\/103433"}],"wp:featuredmedia":[{"embeddable":true,"href":"https:\/\/tvc16.com\/portal\/wp-json\/wp\/v2\/media\/101509"}],"wp:attachment":[{"href":"https:\/\/tvc16.com\/portal\/wp-json\/wp\/v2\/media?parent=103432"}],"wp:term":[{"taxonomy":"category","embeddable":true,"href":"https:\/\/tvc16.com\/portal\/wp-json\/wp\/v2\/categories?post=103432"},{"taxonomy":"post_tag","embeddable":true,"href":"https:\/\/tvc16.com\/portal\/wp-json\/wp\/v2\/tags?post=103432"}],"curies":[{"name":"wp","href":"https:\/\/api.w.org\/{rel}","templated":true}]}}