{"id":103446,"date":"2025-04-30T12:58:45","date_gmt":"2025-04-30T15:58:45","guid":{"rendered":"https:\/\/tvc16.com\/portal\/?p=103446"},"modified":"2025-04-30T12:58:46","modified_gmt":"2025-04-30T15:58:46","slug":"corrida-do-trabalhador-acontece-nesta-quinta-feira-1o-de-maio","status":"publish","type":"post","link":"https:\/\/tvc16.com\/portal\/2025\/04\/30\/corrida-do-trabalhador-acontece-nesta-quinta-feira-1o-de-maio\/","title":{"rendered":"Corrida do Trabalhador acontece nesta quinta-feira (1\u00ba de maio)"},"content":{"rendered":"\n<p><em>Mais de mil inscritos, espa\u00e7o kids e camisa de conscientiza\u00e7\u00e3o marca primeira edi\u00e7\u00e3o do novo governo.<\/em><\/p>\n\n\n\n<p>A tradicional Corrida do Trabalhador est\u00e1 chegando. A competi\u00e7\u00e3o acontece todo ano no Dia do Trabalhador e \u00e9 um momento especial para todos os atletas de Petr\u00f3polis. Na edi\u00e7\u00e3o de 2025, o evento contar\u00e1 com 1200 atletas e uma camisa de conscientiza\u00e7\u00e3o do Maio Amarelo.<\/p>\n\n\n\n<p>\u201c\u00c9 um orgulho do nosso governo oferecer para a cidade a melhor Corrida do Trabalhador poss\u00edvel. Reativamos o ranking de Corridas logo no in\u00edcio do governo e estamos trabalhando para valorizar o corredor de rua de Petr\u00f3polis. Esperamos que essa seja uma corrida marcante para todos os petropolitanos\u201d, disse o prefeito Hingo Hammes.<\/p>\n\n\n\n<p>Percurso<\/p>\n\n\n\n<p>A Corrida do Trabalhador deste ano ter\u00e1 um percurso novo. A largada est\u00e1 marcada para \u00e0s 7h30 na Rua Alfredo Pach\u00e1 seguindo em dire\u00e7\u00e3o \u00e0 Avenida Roberto Silveira e Pra\u00e7a da Liberdade, de onde os participantes seguir\u00e3o pela Avenida Koeller. A movimenta\u00e7\u00e3o continua pela Rua da Imperatriz, acessando em seguida a Rua do Imperador, passando pela Rua Marechal Floriano Peixoto, subindo a Rua Alberto T\u00f4rres, atravessando a Avenida Ipiranga, retornando \u00e0 Avenida Koeler, no sentido da Avenida Roberto Silveira, encerrando-se na Rua Alfredo Pach\u00e1. Durante o per\u00edodo da manh\u00e3, enquanto a corrida \u00e9 realizada, o trajeto da prova ficar\u00e1 interditado para o tr\u00e2nsito.<\/p>\n\n\n\n<p>O secret\u00e1rio de Esporte destacou como o percurso foi pensado para atender a todos os p\u00fablicos e oferecer oportunidades tanto para aqueles que est\u00e3o competindo no ranking anual quanto aqueles que s\u00e3o atletas mais casuais.<\/p>\n\n\n\n<p>\u201cN\u00f3s trabalhamos muito para elaborar esse percurso, conseguimos definir um trajeto que percorre por todo Centro Hist\u00f3rico com uma oportunidade para aqueles que est\u00e3o empenhados no ranking segurarem um pouco de energia para fazer as ultrapassagens na Alberto Torres. Essa \u00e9 uma corrida fundamental para o nosso ranking e um evento de suma import\u00e2ncia para o nosso calend\u00e1rio\u201d, frisou.<\/p>\n\n\n\n<p>Al\u00e9m do ranking de Corridas, os primeiros colocados receber\u00e3o premia\u00e7\u00e3o dos patrocinadores do evento. O Bico da Bota ir\u00e1 oferecer um voucher para o primeiro colocado, enquanto o Convention Bureau tamb\u00e9m premiar\u00e1 o primeiro colocado com um day use com acompanhante para hot\u00e9is da cidade. Tamb\u00e9m ser\u00e3o sorteados pr\u00eamios para outros competidores.<\/p>\n\n\n\n<p>Espa\u00e7o Kids<\/p>\n\n\n\n<p>Al\u00e9m da Corrida, o Pal\u00e1cio de Cristal, tamb\u00e9m receber\u00e1 uma a\u00e7\u00e3o do SESC oferecendo espa\u00e7o kids das 8h \u00e0s 12h. \u201cA Corrida do Trabalhador \u00e9 um evento para toda cidade. Queremos abra\u00e7ar todos, seja quem for para assistir, acompanhar ou torcer\u201d disse Leandro.<\/p>\n\n\n\n<p>Maio Amarelo<\/p>\n\n\n\n<p>Al\u00e9m da Corrida, esse ano a secretaria de esportes se uniu \u00e0 CPTrans para destacar o Maio Amarelo. Uma oportunidade para unir um dos esportes de rua mais amados do mundo \u00e0 conscientiza\u00e7\u00e3o dos cuidados de preven\u00e7\u00e3o no tr\u00e2nsito. \u201cHoje precisamos reconhecer os desafios do tr\u00e2nsito e os problemas que nossa sociedade enfrenta, para que possamos trabalhar formas de melhorar. Campanhas de conscientiza\u00e7\u00e3o s\u00e3o fundamentais para destacar e reafirmar a import\u00e2ncia desses cuidados. Esperamos que essa parceria seja uma oportunidade de espa\u00e7o para esse di\u00e1logo e para promover os cuidados no tr\u00e2nsito aos pedestres de Petr\u00f3polis\u201d disse o presidente da CPTrans Luciano Moreira.<\/p>\n\n\n\n<p>Servi\u00e7o<\/p>\n\n\n\n<p>Corrida do Trabalhador<\/p>\n\n\n\n<p>Data: 1\u00ba de Maio<\/p>\n\n\n\n<p>Concentra\u00e7\u00e3o: Pal\u00e1cio de Cristal &#8211; Rua Alfredo Pach\u00e1 S\/N &#8211; \u00e0s 7h<br>Largada: \u00e0s 7h30<\/p>\n\n\n\n<p>Foto: arquivo PMP<\/p>\n","protected":false},"excerpt":{"rendered":"<p>Mais de mil inscritos, espa\u00e7o kids e camisa de conscientiza\u00e7\u00e3o marca primeira edi\u00e7\u00e3o do novo<\/p>\n","protected":false},"author":2,"featured_media":58123,"comment_status":"open","ping_status":"open","sticky":false,"template":"","format":"standard","meta":{"footnotes":""},"categories":[12],"tags":[],"class_list":["post-103446","post","type-post","status-publish","format-standard","has-post-thumbnail","hentry","category-cidade"],"_links":{"self":[{"href":"https:\/\/tvc16.com\/portal\/wp-json\/wp\/v2\/posts\/103446","targetHints":{"allow":["GET"]}}],"collection":[{"href":"https:\/\/tvc16.com\/portal\/wp-json\/wp\/v2\/posts"}],"about":[{"href":"https:\/\/tvc16.com\/portal\/wp-json\/wp\/v2\/types\/post"}],"author":[{"embeddable":true,"href":"https:\/\/tvc16.com\/portal\/wp-json\/wp\/v2\/users\/2"}],"replies":[{"embeddable":true,"href":"https:\/\/tvc16.com\/portal\/wp-json\/wp\/v2\/comments?post=103446"}],"version-history":[{"count":1,"href":"https:\/\/tvc16.com\/portal\/wp-json\/wp\/v2\/posts\/103446\/revisions"}],"predecessor-version":[{"id":103447,"href":"https:\/\/tvc16.com\/portal\/wp-json\/wp\/v2\/posts\/103446\/revisions\/103447"}],"wp:featuredmedia":[{"embeddable":true,"href":"https:\/\/tvc16.com\/portal\/wp-json\/wp\/v2\/media\/58123"}],"wp:attachment":[{"href":"https:\/\/tvc16.com\/portal\/wp-json\/wp\/v2\/media?parent=103446"}],"wp:term":[{"taxonomy":"category","embeddable":true,"href":"https:\/\/tvc16.com\/portal\/wp-json\/wp\/v2\/categories?post=103446"},{"taxonomy":"post_tag","embeddable":true,"href":"https:\/\/tvc16.com\/portal\/wp-json\/wp\/v2\/tags?post=103446"}],"curies":[{"name":"wp","href":"https:\/\/api.w.org\/{rel}","templated":true}]}}