{"id":103448,"date":"2025-05-04T05:00:00","date_gmt":"2025-05-04T08:00:00","guid":{"rendered":"https:\/\/tvc16.com\/portal\/?p=103448"},"modified":"2025-04-30T13:13:06","modified_gmt":"2025-04-30T16:13:06","slug":"funcionarios-da-comdep-participam-de-curso-sobre-gestao-de-residuos-solidos-promovido-pelo-instituto-philippe-guedon","status":"publish","type":"post","link":"https:\/\/tvc16.com\/portal\/2025\/05\/04\/funcionarios-da-comdep-participam-de-curso-sobre-gestao-de-residuos-solidos-promovido-pelo-instituto-philippe-guedon\/","title":{"rendered":"Funcion\u00e1rios da Comdep participam de curso sobre gest\u00e3o de res\u00edduos s\u00f3lidos promovido pelo Instituto Philippe Gu\u00e9don"},"content":{"rendered":"\n<p>A Prefeitura e a Companhia Municipal de Desenvolvimento de Petr\u00f3polis (Comdep) participaram de mais uma importante iniciativa voltada para a educa\u00e7\u00e3o ambiental e o desenvolvimento sustent\u00e1vel do munic\u00edpio. Funcion\u00e1rios da coleta seletiva da Comdep estiveram presentes no curso &#8220;Gest\u00e3o de Res\u00edduos S\u00f3lidos: Responsabilidade Compartilhada e Descarte Consciente&#8221;, promovido pelo Instituto Philippe Gu\u00e9don, na sede da Associa\u00e7\u00e3o Comercial e Empresarial de Petr\u00f3polis (Acep).<\/p>\n\n\n\n<p>O curso tem como objetivos aprofundar o conhecimento sobre a legisla\u00e7\u00e3o de res\u00edduos s\u00f3lidos, ensinar pr\u00e1ticas de descarte consciente, incluindo a log\u00edstica reversa, e refor\u00e7ar a import\u00e2ncia da reciclagem para o desenvolvimento econ\u00f4mico, sustent\u00e1vel e para a sa\u00fade p\u00fablica. \u201cCapacitar nossos servidores \u00e9 fundamental para que possamos avan\u00e7ar cada vez mais na constru\u00e7\u00e3o de uma cidade que respeita o meio ambiente e promove a sustentabilidade em todas as suas a\u00e7\u00f5es\u201d, afirmou o prefeito Hingo Hammes.<\/p>\n\n\n\n<p>A forma\u00e7\u00e3o foi ministrada pela especialista em Planejamento e Educa\u00e7\u00e3o Ambiental Teresinha de Jesus Fidelles de Almeida, com vagas gratuitas limitadas a 25 participantes e emiss\u00e3o de certificado online para os interessados. \u201cNossos funcion\u00e1rios s\u00e3o parte essencial do trabalho de preserva\u00e7\u00e3o ambiental em Petr\u00f3polis. Investir na forma\u00e7\u00e3o deles \u00e9 investir no futuro da nossa cidade\u201d, destacou a presidente da Comdep, Fernanda Ferreira.<\/p>\n\n\n\n<p>A a\u00e7\u00e3o integra o conjunto de iniciativas voltadas ao fortalecimento das pol\u00edticas p\u00fablicas de meio ambiente no munic\u00edpio, com foco na conscientiza\u00e7\u00e3o, na promo\u00e7\u00e3o de pr\u00e1ticas sustent\u00e1veis e na amplia\u00e7\u00e3o do conhecimento sobre o correto manejo dos res\u00edduos s\u00f3lidos. \u201cO curso foi muito importante para a gente entender melhor como funciona todo o processo de descarte e reciclagem, e tamb\u00e9m para ajudar a orientar melhor a popula\u00e7\u00e3o no dia a dia\u201d, disse Murilo Gonsalves, gerente do setor de Coleta Seletiva da Comdep.<\/p>\n\n\n\n<p>Foto: divulga\u00e7\u00e3o <\/p>\n","protected":false},"excerpt":{"rendered":"<p>A Prefeitura e a Companhia Municipal de Desenvolvimento de Petr\u00f3polis (Comdep) participaram de mais uma<\/p>\n","protected":false},"author":2,"featured_media":103449,"comment_status":"open","ping_status":"open","sticky":false,"template":"","format":"standard","meta":{"footnotes":""},"categories":[12],"tags":[],"class_list":["post-103448","post","type-post","status-publish","format-standard","has-post-thumbnail","hentry","category-cidade"],"_links":{"self":[{"href":"https:\/\/tvc16.com\/portal\/wp-json\/wp\/v2\/posts\/103448","targetHints":{"allow":["GET"]}}],"collection":[{"href":"https:\/\/tvc16.com\/portal\/wp-json\/wp\/v2\/posts"}],"about":[{"href":"https:\/\/tvc16.com\/portal\/wp-json\/wp\/v2\/types\/post"}],"author":[{"embeddable":true,"href":"https:\/\/tvc16.com\/portal\/wp-json\/wp\/v2\/users\/2"}],"replies":[{"embeddable":true,"href":"https:\/\/tvc16.com\/portal\/wp-json\/wp\/v2\/comments?post=103448"}],"version-history":[{"count":1,"href":"https:\/\/tvc16.com\/portal\/wp-json\/wp\/v2\/posts\/103448\/revisions"}],"predecessor-version":[{"id":103450,"href":"https:\/\/tvc16.com\/portal\/wp-json\/wp\/v2\/posts\/103448\/revisions\/103450"}],"wp:featuredmedia":[{"embeddable":true,"href":"https:\/\/tvc16.com\/portal\/wp-json\/wp\/v2\/media\/103449"}],"wp:attachment":[{"href":"https:\/\/tvc16.com\/portal\/wp-json\/wp\/v2\/media?parent=103448"}],"wp:term":[{"taxonomy":"category","embeddable":true,"href":"https:\/\/tvc16.com\/portal\/wp-json\/wp\/v2\/categories?post=103448"},{"taxonomy":"post_tag","embeddable":true,"href":"https:\/\/tvc16.com\/portal\/wp-json\/wp\/v2\/tags?post=103448"}],"curies":[{"name":"wp","href":"https:\/\/api.w.org\/{rel}","templated":true}]}}