{"id":103451,"date":"2025-05-03T05:00:00","date_gmt":"2025-05-03T08:00:00","guid":{"rendered":"https:\/\/tvc16.com\/portal\/?p=103451"},"modified":"2025-04-30T13:45:48","modified_gmt":"2025-04-30T16:45:48","slug":"um-ano-apos-enchentes-cerca-de-380-pessoas-seguem-em-abrigos-no-rs","status":"publish","type":"post","link":"https:\/\/tvc16.com\/portal\/2025\/05\/03\/um-ano-apos-enchentes-cerca-de-380-pessoas-seguem-em-abrigos-no-rs\/","title":{"rendered":"Um ano ap\u00f3s enchentes, cerca de 380 pessoas seguem em abrigos no RS"},"content":{"rendered":"\n<p>Almerinda Veiga da Silva, de 57 anos, est\u00e1 no quinto abrigo desde que precisou sair de casa, exatamente um ano atr\u00e1s, quando o bairro em que morava, o Rio Branco, em Canoas, foi tomado pelas \u00e1guas na maior cat\u00e1strofe clim\u00e1tica da hist\u00f3ria do Rio Grande do Sul.<img decoding=\"async\" src=\"https:\/\/agenciabrasil.ebc.com.br\/ebc.png?id=1640992&amp;o=node\"><img decoding=\"async\" src=\"https:\/\/agenciabrasil.ebc.com.br\/ebc.gif?id=1640992&amp;o=node\"><\/p>\n\n\n\n<p><strong>Ela precisou se separar do marido, que foi para um abrigo masculino, e seguiu com a filha, com S\u00edndrome de Down, a um lugar exclusivo para m\u00e3es at\u00edpicas<\/strong>. Naquele momento, todos foram resgatados e acolhidos em seguran\u00e7a. Com o passar dos meses, o que poderia ser uma hist\u00f3ria de recome\u00e7o tomou o rumo da maior dor emocional de sua vida.<\/p>\n\n\n\n<figure class=\"wp-block-image\"><img loading=\"lazy\" decoding=\"async\" width=\"365\" height=\"243\" src=\"https:\/\/tvc16.com\/portal\/wp-content\/uploads\/2025\/04\/imgl0770.webp\" alt=\"Canoas (RS), 25\/04\/2025 - Almerinda Concei\u00e7\u00e3o Veiga da Silva (67 anos) faz parte das 240 pessoas que foram atingidas pela enchente de abril de 2024 e continuam no centro humanit\u00e1rio de acolhimento esperan\u00e7a, localizado no bairro Iguara. H\u00e1 um ano o estado foi atingido por temporais, que afetaram mais de 400 munic\u00edpios ga\u00fachos, tiveram\u00a0bairros inteiros alagados. A\u00a0maior trag\u00e9dia clim\u00e1tica da hist\u00f3ria deixou pelo menos 147 mortos e afetou mais de 2,1 milh\u00f5es de pessoas.\nFoto: Jo\u00e9dson Alves\/Ag\u00eancia Brasil\" class=\"wp-image-103453\" title=\"Jo\u00e9dson Alves\/Ag\u00eancia\u00a0Brasil\" srcset=\"https:\/\/tvc16.com\/portal\/wp-content\/uploads\/2025\/04\/imgl0770.webp 365w, https:\/\/tvc16.com\/portal\/wp-content\/uploads\/2025\/04\/imgl0770-300x200.webp 300w\" sizes=\"auto, (max-width: 365px) 100vw, 365px\" \/><\/figure>\n\n\n\n<h6 class=\"wp-block-heading\">Canoas &#8211; Almerinda Veiga da Silva, de 67 anos, faz parte das 240 pessoas que continuam no centro humanit\u00e1rio de acolhimento Esperan\u00e7a, um ano ap\u00f3s o estado ter sido atingido por temporais que afetaram mais de 400 munic\u00edpios &#8211;&nbsp;<strong>Jo\u00e9dson Alves\/Ag\u00eancia&nbsp;Brasil<\/strong><\/h6>\n\n\n\n<p>\u201cTem um m\u00eas que eu pedi minha filha especial, por conta do trauma da enchente. Acarretou danos, digamos, emocionais. Ela era portadora da s\u00edndrome de Down. Perdi o marido tamb\u00e9m por conta da enchente. Ele ficou muito traumatizado, entrou em depress\u00e3o e acabou falecendo no Natal. Ent\u00e3o, n\u00e3o t\u00e1 sendo f\u00e1cil\u201d, lamentou, em entrevista \u00e0&nbsp;<strong>Ag\u00eancia Brasil<\/strong>, durante visita da reportagem ao Centro Humanit\u00e1rio de Acolhimento (CHA) Esperan\u00e7a, que fica no Centro Ol\u00edmpico, em Canoas.&nbsp;<\/p>\n\n\n\n<p><strong>\u00c9 o \u00fanico abrigo que ainda funciona na cidade, com 216 pessoas, segundo a prefeitura, mas deve ser fechado at\u00e9 o fim de maio.&nbsp;<\/strong>O local foi instalado em julho do ano passado, em uma parceria entre o governo do estado, a Fecom\u00e9rcio-RS e a Ag\u00eancia da Na\u00e7\u00f5es Unidas para as Migra\u00e7\u00f5es (OIM), principal organismo intergovernamental no campo da migra\u00e7\u00e3o.<\/p>\n\n\n\n<p>Al\u00e9m de alimenta\u00e7\u00e3o e atendimento em sa\u00fade, a unidade conta com servi\u00e7os de assist\u00eancia social, apoio na busca por emprego, apoio para inscri\u00e7\u00e3o em programas de habita\u00e7\u00e3o, creche e at\u00e9 um abrigo para animais dom\u00e9sticos de tutores que est\u00e3o no centro.<\/p>\n\n\n\n<p>Um outro abrigo ainda remanescente na regi\u00e3o metropolitana \u00e9 fruto da mesma parceria e est\u00e1 localizado em Porto Alegre. O centro abriga cerca de 120 pessoas e tamb\u00e9m est\u00e1 em processo de desmobiliza\u00e7\u00e3o nas pr\u00f3ximas semanas.&nbsp;<\/p>\n\n\n\n<p><strong>Os dois abrigos \u2013 de um total de nove ainda em funcionamento \u2013 s\u00e3o os maiores e concentram 93% do total das pessoas atendidas no estado<\/strong>. No auge da emerg\u00eancia clim\u00e1tica, mais de 80 mil pessoas chegarem a ficar abrigadas.&nbsp;<strong>Atualmente s\u00e3o 383 pessoas assistidas no Rio Grande do Sul.<\/strong><\/p>\n\n\n\n<h2 class=\"wp-block-heading\">Vulner\u00e1veis<\/h2>\n\n\n\n<figure class=\"wp-block-image\"><img loading=\"lazy\" decoding=\"async\" width=\"365\" height=\"243\" src=\"https:\/\/tvc16.com\/portal\/wp-content\/uploads\/2025\/04\/imgl0646.webp\" alt=\"Canoas (RS), 25\/04\/2025 - Cl\u00e1udio Joel Bello (42 anos) faz parte das 240 pessoas que foram atingidas pela enchente de abril de 2024 e continua no centro humanit\u00e1rio de acolhimento esperan\u00e7a, localizado no bairro Iguara.\nH\u00e1 um ano, o estado foi atingido por temporais, que afetaram mais de 400 munic\u00edpios ga\u00fachos, e tiveram\u00a0bairros inteiros alagados. A\u00a0maior trag\u00e9dia clim\u00e1tica da hist\u00f3ria deixou pelo menos 147 mortos e afetou mais de 2,1 milh\u00f5es de pessoas.\nFoto: Jo\u00e9dson Alves\/Ag\u00eancia Brasil\" class=\"wp-image-103454\" title=\"Jo\u00e9dson Alves\/Ag\u00eancia\u00a0Brasil\" srcset=\"https:\/\/tvc16.com\/portal\/wp-content\/uploads\/2025\/04\/imgl0646.webp 365w, https:\/\/tvc16.com\/portal\/wp-content\/uploads\/2025\/04\/imgl0646-300x200.webp 300w\" sizes=\"auto, (max-width: 365px) 100vw, 365px\" \/><\/figure>\n\n\n\n<h6 class=\"wp-block-heading\">Canoas &#8211; Cl\u00e1udio Joel Bello, de 42 anos, foi selecionado pelo programa Compra Assistida para receber uma moradia, mas reclama da lentid\u00e3o para finalizar o processo &#8211;&nbsp;<strong>Jo\u00e9dson Alves\/Ag\u00eancia&nbsp;Brasil<\/strong><\/h6>\n\n\n\n<p><strong>N\u00e3o h\u00e1 um levantamento socioecon\u00f4mico sobre o perfil desses abrigados, mas n\u00e3o \u00e9 dif\u00edcil constatar que s\u00e3o pessoas em situa\u00e7\u00e3o de muita vulnerabilidade social.&nbsp;<\/strong><\/p>\n\n\n\n<p>Desde meados do ano passado no CHA Esperan\u00e7a, Claudio Joel Bello, de 43 anos e desempregado, conta ter sido atingido pelas enchentes no bairro Mathias Velho, que ficou totalmente alagado por mais de um m\u00eas.&nbsp;<\/p>\n\n\n\n<p>Ele foi selecionado pelo programa Compra Assistida para ganhar uma casa em Sapucaia do Sul, tamb\u00e9m regi\u00e3o metropolitana de Porto Alegre, mas reclama da lentid\u00e3o para finalizar o processo:<\/p>\n\n\n\n<blockquote class=\"wp-block-quote is-layout-flow wp-block-quote-is-layout-flow\">\n<p>&#8220;Se o governo me deu minha casa, por que eu vou n\u00e3o vou pra minha casa de uma vez? Tenho quase um ano em abrigo.&#8221;<\/p>\n<\/blockquote>\n\n\n\n<p><strong>O programa, criado pelo governo federal, concede apoio de R$ 200 mil para a compra de im\u00f3veis j\u00e1 existentes em qualquer cidade do estado<\/strong>&nbsp;para quem \u00e9 contemplado. At\u00e9 o momento, cerca de 1,5 mil contratos foram assinados.<\/p>\n\n\n\n<p>Bello \u00e9 o \u00fanico no abrigo que havia sido contemplado com a Compra Assistida. J\u00e1 os demais se dividem em duas situa\u00e7\u00f5es: concess\u00e3o de aluguel social por 12 meses, no valor mensal de R$ 1 mil, e moradia provis\u00f3ria mobiliada instalada no bairro Est\u00e2ncia Velha.<\/p>\n\n\n\n<p>Almerinda contou \u00e0 reportagem que foi ao bairro provis\u00f3rio, mas achou o local pouco seguro e optou pelo aluguel social. Ela, no entanto, n\u00e3o disp\u00f5e de m\u00f3veis para conseguir viver no im\u00f3vel alugado.&nbsp;<\/p>\n\n\n\n<p>&#8220;A casa t\u00e1 alugada, foi feito o contrato, foi paga a cau\u00e7\u00e3o, s\u00f3 que a mob\u00edlia&#8230; Eu vou morar na casa sem nada?&#8221;, questiona.&nbsp;<\/p>\n\n\n\n<p>No abrigo, uma parecia da ONU Migra\u00e7\u00f5es com empresas privadas, ela tenta viabilizar doa\u00e7\u00f5es de eletrodom\u00e9sticos, mas a demanda n\u00e3o tem sido atendida: &#8220;eu s\u00f3 vou sair do abrigo quanto tiver meus m\u00f3veis&#8221;.<\/p>\n\n\n\n<figure class=\"wp-block-image\"><img loading=\"lazy\" decoding=\"async\" width=\"365\" height=\"243\" src=\"https:\/\/tvc16.com\/portal\/wp-content\/uploads\/2025\/04\/mg_0691.webp\" alt=\"Canoas (RS), 30\/04\/2025 - Josebete da Silva (47 anos), faz parte das 240 pessoas que foram atingidas pela enchente de abril de 2024 continuam no centro humanit\u00e1rio de acolhimento esperan\u00e7a, localizado no bairro iguara.\nA um ano o estado foi atingido por temporais que afetou mais de 400 munic\u00edpios ga\u00fachos, tiveram\u00a0bairros inteiros alagados. A\u00a0maior trag\u00e9dia clim\u00e1tica da hist\u00f3ria, deixou pelo menos 147 mortos e afetou mais de 2,1 milh\u00f5es de pessoas.\nFoto: Jo\u00e9dson Alves\/Ag\u00eancia Brasil\" class=\"wp-image-103455\" title=\"Jo\u00e9dson Alves\/Ag\u00eancia\u00a0Brasil\" srcset=\"https:\/\/tvc16.com\/portal\/wp-content\/uploads\/2025\/04\/mg_0691.webp 365w, https:\/\/tvc16.com\/portal\/wp-content\/uploads\/2025\/04\/mg_0691-300x200.webp 300w\" sizes=\"auto, (max-width: 365px) 100vw, 365px\" \/><\/figure>\n\n\n\n<h6 class=\"wp-block-heading\">Canoas &#8211; Josebete da Silva faz parte das 240 pessoas que foram atingidas pela enchente de abril de 2024 continuam no centro humanit\u00e1rio de acolhimento Esperan\u00e7a, no bairro Iguara &#8211;&nbsp;<strong>Jo\u00e9dson Alves\/Ag\u00eancia&nbsp;Brasil<\/strong><\/h6>\n\n\n\n<p>Josebete da Silva, de 47 anos, est\u00e1 prestes a deixar o abrigo para o bairro provis\u00f3rio na Est\u00e2ncia Velha. Ele vai morar em um cont\u00eainer de concreto de 27 metros quadrados com a esposa e duas filhas.&nbsp;<\/p>\n\n\n\n<p>&#8220;Para mim, que pago aluguel, vai ser melhor. A esposa que escolheu [essa alternativa]&#8221;, contou \u00e0 reportagem. A expectativa dele, que trabalha em um moinho de farinha, \u00e9 ser contemplado posteriormente em um programa de habita\u00e7\u00e3o para uma moradia definitiva.<\/p>\n\n\n\n<h2 class=\"wp-block-heading\">Respostas<\/h2>\n\n\n\n<p>Procurada, a&nbsp;<strong>prefeitura de Canoas informou, em nota, que um conv\u00eanio com o governo do estado \u00e9 o que est\u00e1 permitindo a constru\u00e7\u00e3o de 58 casas tempor\u00e1rias<\/strong>. As obras devem estar finalizadas at\u00e9 o dia 15 de maio, quando as fam\u00edlias poder\u00e3o se mudar.&nbsp;<\/p>\n\n\n\n<blockquote class=\"wp-block-quote is-layout-flow wp-block-quote-is-layout-flow\">\n<p>&#8220;O valor para a instala\u00e7\u00e3o dos m\u00f3dulos \u00e9 de R$ 133 mil por unidade, incluindo as mob\u00edlias e eletrodom\u00e9sticos. S\u00e3o 58 m\u00f3dulos transport\u00e1veis e est\u00e3o localizados no bairro Est\u00e2ncia Velha. Ainda h\u00e1, no governo municipal, o programa Aluguel Social ativo, atualmente contemplando 1.249 fam\u00edlias, sendo que 77 contratos s\u00e3o de benef\u00edcios do CHA&#8221;.<\/p>\n<\/blockquote>\n\n\n\n<p>Em rela\u00e7\u00e3o \u00e0s moradias definitivas, de acordo com a administra\u00e7\u00e3o municipal, h\u00e1 dois empreendimentos com obras iniciadas, nos bairros Niter\u00f3i e F\u00e1tima, que v\u00e3o totalizar 400 unidades habitacionais, financiadas pela Caixa Econ\u00f4mica Federal. As obras tem previs\u00e3o de serem conclu\u00eddas em at\u00e9 18 meses.<\/p>\n\n\n\n<figure class=\"wp-block-image\"><img loading=\"lazy\" decoding=\"async\" width=\"754\" height=\"503\" src=\"https:\/\/tvc16.com\/portal\/wp-content\/uploads\/2025\/04\/mg_0321.webp\" alt=\"Cruzeiro do sul (RS), 27\/04\/2025 - 58 moradias tempor\u00e1rias na parte alta de um morro onde ser\u00e1 constru\u00eddo o novo bairro passo estrela. O novo loteamento contar\u00e1 com 480 lotes, dos quais parte ser\u00e1 destinada \u00e0 constru\u00e7\u00e3o de moradias atrav\u00e9s das Atas de Registro de Pre\u00e7o da Secretaria de Habita\u00e7\u00e3o e Regulariza\u00e7\u00e3o Fundi\u00e1ria (Sehab), e outra parte ser\u00e1 disponibilizada para que os pr\u00f3prios benefici\u00e1rios construam suas casas com recursos pr\u00f3prios.\u00a0O investimento estimado \u00e9 de R$\u00a0120 milh\u00f5es.\nFoto: Jo\u00e9dson Alves\/Ag\u00eancia Brasil\" class=\"wp-image-103456\" title=\"Jo\u00e9dson Alves\/Ag\u00eancia\u00a0Brasil\" srcset=\"https:\/\/tvc16.com\/portal\/wp-content\/uploads\/2025\/04\/mg_0321.webp 754w, https:\/\/tvc16.com\/portal\/wp-content\/uploads\/2025\/04\/mg_0321-300x200.webp 300w\" sizes=\"auto, (max-width: 754px) 100vw, 754px\" \/><\/figure>\n\n\n\n<h6 class=\"wp-block-heading\">Cruzeiro do Sul &#8211; Moradias tempor\u00e1rias na parte alta de um morro onde ser\u00e1 constru\u00eddo o novo bairro Passo Estrela &#8211;&nbsp;<strong>Jo\u00e9dson Alves\/Ag\u00eancia&nbsp;Brasil<\/strong><\/h6>\n\n\n\n<p><strong>Das tr\u00eas mil unidades habitacionais autorizadas pelo Minist\u00e9rio das Cidades para Canoas, segundo a prefeitura, j\u00e1 foram assinados dois contratos totalizando mais de 1,5 mil unidades exclusivamente para fam\u00edlias atingidas pelas enchentes, com previs\u00e3o de entrega em 18 meses.<\/strong>&nbsp;A ideia \u00e9 buscar autoriza\u00e7\u00e3o para mais 3 mil novas unidades.<\/p>\n\n\n\n<p>Ainda segundo a prefeitura, um outro programa, em parceria com o governo federal, prev\u00ea a reconstru\u00e7\u00e3o de at\u00e9 210 casas, no valor unit\u00e1rio de R$ 150 mil, totalizando R$ 31 milh\u00f5es, por meio Fundo Nacional de Habita\u00e7\u00e3o de Interesse Social.&nbsp;<\/p>\n\n\n\n<p><strong>Ap\u00f3s a enchente, foram solicitadas 18.633 vistorias. Deste total, 11.862 foram consideradas habit\u00e1veis, e 5.502 im\u00f3veis foram classificados como inabit\u00e1veis e dever\u00e3o ser interditados. Outras 1.269 solicita\u00e7\u00f5es de vistoria ainda est\u00e3o pendentes no munic\u00edpio.<\/strong><\/p>\n\n\n\n<p>Um ano de chuvas no Rio Grande do Sul.<\/p>\n\n\n\n<p>Jo\u00e9dson Alves\/Ag\u00eancia&nbsp;Brasil<\/p>\n\n\n\n<p>\u00d7<\/p>\n\n\n\n<figure class=\"wp-block-image\"><img loading=\"lazy\" decoding=\"async\" width=\"754\" height=\"503\" src=\"https:\/\/tvc16.com\/portal\/wp-content\/uploads\/2025\/04\/mg_0735-1.webp\" alt=\"\" class=\"wp-image-103457\" srcset=\"https:\/\/tvc16.com\/portal\/wp-content\/uploads\/2025\/04\/mg_0735-1.webp 754w, https:\/\/tvc16.com\/portal\/wp-content\/uploads\/2025\/04\/mg_0735-1-300x200.webp 300w\" sizes=\"auto, (max-width: 754px) 100vw, 754px\" \/><\/figure>\n\n\n\n<p><\/p>\n\n\n\n<p><canvas width=\"24\" height=\"24\"><\/canvas>Pedro Rafael Vilela \u2013 Enviado especial<br>Foto: \u00a9 Jo\u00e9dson Alves\/Ag\u00eancia\u00a0Brasil<br><\/p>\n","protected":false},"excerpt":{"rendered":"<p>Almerinda Veiga da Silva, de 57 anos, est\u00e1 no quinto abrigo desde que precisou sair<\/p>\n","protected":false},"author":2,"featured_media":103452,"comment_status":"open","ping_status":"open","sticky":false,"template":"","format":"standard","meta":{"footnotes":""},"categories":[17],"tags":[],"class_list":["post-103451","post","type-post","status-publish","format-standard","has-post-thumbnail","hentry","category-outras-noticias"],"_links":{"self":[{"href":"https:\/\/tvc16.com\/portal\/wp-json\/wp\/v2\/posts\/103451","targetHints":{"allow":["GET"]}}],"collection":[{"href":"https:\/\/tvc16.com\/portal\/wp-json\/wp\/v2\/posts"}],"about":[{"href":"https:\/\/tvc16.com\/portal\/wp-json\/wp\/v2\/types\/post"}],"author":[{"embeddable":true,"href":"https:\/\/tvc16.com\/portal\/wp-json\/wp\/v2\/users\/2"}],"replies":[{"embeddable":true,"href":"https:\/\/tvc16.com\/portal\/wp-json\/wp\/v2\/comments?post=103451"}],"version-history":[{"count":1,"href":"https:\/\/tvc16.com\/portal\/wp-json\/wp\/v2\/posts\/103451\/revisions"}],"predecessor-version":[{"id":103458,"href":"https:\/\/tvc16.com\/portal\/wp-json\/wp\/v2\/posts\/103451\/revisions\/103458"}],"wp:featuredmedia":[{"embeddable":true,"href":"https:\/\/tvc16.com\/portal\/wp-json\/wp\/v2\/media\/103452"}],"wp:attachment":[{"href":"https:\/\/tvc16.com\/portal\/wp-json\/wp\/v2\/media?parent=103451"}],"wp:term":[{"taxonomy":"category","embeddable":true,"href":"https:\/\/tvc16.com\/portal\/wp-json\/wp\/v2\/categories?post=103451"},{"taxonomy":"post_tag","embeddable":true,"href":"https:\/\/tvc16.com\/portal\/wp-json\/wp\/v2\/tags?post=103451"}],"curies":[{"name":"wp","href":"https:\/\/api.w.org\/{rel}","templated":true}]}}