{"id":103459,"date":"2025-05-03T05:00:00","date_gmt":"2025-05-03T08:00:00","guid":{"rendered":"https:\/\/tvc16.com\/portal\/?p=103459"},"modified":"2025-04-30T13:49:45","modified_gmt":"2025-04-30T16:49:45","slug":"inscricoes-para-concurso-da-pf-estao-abertas-para-192-vagas-2","status":"publish","type":"post","link":"https:\/\/tvc16.com\/portal\/2025\/05\/03\/inscricoes-para-concurso-da-pf-estao-abertas-para-192-vagas-2\/","title":{"rendered":"Inscri\u00e7\u00f5es para concurso da PF est\u00e3o abertas para 192 vagas"},"content":{"rendered":"\n<p>As inscri\u00e7\u00f5es para o&nbsp;<strong>concurso p\u00fablico da Pol\u00edcia Federal (PF) est\u00e3o abertas e podem ser feitas at\u00e9 21 de maio<\/strong>. Ao todo,&nbsp;<strong>a institui\u00e7\u00e3o oferece 192 vagas imediatas para n\u00edveis m\u00e9dio e superior, al\u00e9m de forma\u00e7\u00e3o de cadastro de aprovados reserva.<\/strong><img decoding=\"async\" src=\"https:\/\/agenciabrasil.ebc.com.br\/ebc.png?id=1641036&amp;o=node\"><img decoding=\"async\" src=\"https:\/\/agenciabrasil.ebc.com.br\/ebc.gif?id=1641036&amp;o=node\"><\/p>\n\n\n\n<p>Os&nbsp;<strong>sal\u00e1rios iniciais variam de R$ 7.605,31, para os aprovados do n\u00edvel m\u00e9dio, a R$ 11.070,93, para os cargos de n\u00edvel superior, j\u00e1 incluindo gratifica\u00e7\u00f5es, aux\u00edlios e benef\u00edcios.<\/strong><\/p>\n\n\n\n<p>A&nbsp;<strong>jornada de trabalho ser\u00e1 de 40 horas semanais para o cargo de agente administrativo e para a maioria dos cargos de n\u00edvel superior.<\/strong>&nbsp;A exce\u00e7\u00e3o \u00e9 a&nbsp;<strong>carga hor\u00e1ria de m\u00e9dicos aprovados (cl\u00ednico, ortopedista e psiquiatra) que ser\u00e1 de 20 horas semanais.<\/strong><\/p>\n\n\n\n<p>O&nbsp;<strong>prazo de validade do concurso ser\u00e1 de dois anos<\/strong>, a partir da data da homologa\u00e7\u00e3o do resultado final, e&nbsp;<strong>poder\u00e1 ser prorrogado, uma \u00fanica vez, por igual per\u00edodo<\/strong>.<\/p>\n\n\n\n<h2 class=\"wp-block-heading\">Inscri\u00e7\u00e3o<\/h2>\n\n\n\n<p>As inscri\u00e7\u00f5es devem ser feitas diretamente no&nbsp;<em>site&nbsp;<\/em>da banca examinadora, o&nbsp;<a href=\"https:\/\/www.cebraspe.org.br\/concursos\/PF_25_ADM\" target=\"_blank\" rel=\"noreferrer noopener\">Centro Brasileiro de Pesquisa em Avalia\u00e7\u00e3o e Sele\u00e7\u00e3o e de Promo\u00e7\u00e3o de Eventos<\/a>&nbsp;(Cebraspe).<\/p>\n\n\n\n<p>O&nbsp;<strong>valor da taxa de inscri\u00e7\u00e3o \u00e9 R$ 110 para n\u00edvel superior e de R$ 90 para n\u00edvel m\u00e9dio, a ser paga at\u00e9 23 de maio.<\/strong>&nbsp;A&nbsp;<strong>Guia de Recolhimento da Uni\u00e3o (GRU) Cobran\u00e7a estar\u00e1 dispon\u00edvel ap\u00f3s o preenchimento da ficha de inscri\u00e7\u00e3o&nbsp;<em>online<\/em>.<\/strong><\/p>\n\n\n\n<p>Por\u00e9m, os&nbsp;<strong>integrantes do fam\u00edlias inscritas no Cadastro \u00danico para Programas Sociais do governo federal (Cad\u00danico) e doadores de medula \u00f3ssea em entidades reconhecidas pelo Minist\u00e9rio da Sa\u00fade podem solicitar a isen\u00e7\u00e3o da taxa de inscri\u00e7\u00e3o at\u00e9 5 de maio.<\/strong><\/p>\n\n\n\n<p>O&nbsp;<strong>Cebraspe avisa que os candidatos que n\u00e3o enviarem a documenta\u00e7\u00e3o exigida no edital com imagem leg\u00edvel ter\u00e3o os pedidos de isen\u00e7\u00e3o indeferidos.<\/strong>&nbsp;Nesta situa\u00e7\u00e3o, o candidato dever\u00e1 efetuar o pagamento da taxa de inscri\u00e7\u00e3o tamb\u00e9m at\u00e9 23 de maio.<\/p>\n\n\n\n<p>O&nbsp;<strong>candidato que necessitar de atendimento especializado para a realiza\u00e7\u00e3o das provas e das demais fases do concurso deve assinalar esta op\u00e7\u00e3o no sistema eletr\u00f4nico de inscri\u00e7\u00e3o.<\/strong><\/p>\n\n\n\n<h2 class=\"wp-block-heading\">Cargos e vagas<\/h2>\n\n\n\n<p>De acordo com o&nbsp;<a href=\"https:\/\/cdn.cebraspe.org.br\/concursos\/PF_25_ADM\/arquivos\/Ed_1_2025_PF_Administrativo_Abertura.pdf\" target=\"_blank\" rel=\"noreferrer noopener\">edital do certame<\/a>, as 192 s\u00e3o para as seguintes carreiras na \u00e1rea administrativa para todo o pa\u00eds:<\/p>\n\n\n\n<p><strong>n\u00edvel m\u00e9dio:<\/strong><\/p>\n\n\n\n<p>\u00b7 agente administrativo: 100 vagas<\/p>\n\n\n\n<p><strong>n\u00edvel superior:<\/strong><\/p>\n\n\n\n<p>\u00b7 administrador: 6;<\/p>\n\n\n\n<p>\u00b7 assistente social: 13;<\/p>\n\n\n\n<p>\u00b7 contador: 9;<\/p>\n\n\n\n<p>\u00b7 enfermeiro: 3;<\/p>\n\n\n\n<p>\u00b7 estat\u00edstico: 4;<\/p>\n\n\n\n<p>\u00b7 farmac\u00eautico: 2;<\/p>\n\n\n\n<p>\u00b7 m\u00e9dico cl\u00ednico: 11;<\/p>\n\n\n\n<p>\u00b7 m\u00e9dico ortopedista: 5;<\/p>\n\n\n\n<p>\u00b7 m\u00e9dico psiquiatra: 19;<\/p>\n\n\n\n<p>\u00b7 nutricionista: 1;<\/p>\n\n\n\n<p>\u00b7 psic\u00f3logo cl\u00ednico: 4;<\/p>\n\n\n\n<p>\u00b7 psic\u00f3logo organizacional: 2;<\/p>\n\n\n\n<p>\u00b7 t\u00e9cnico em assuntos educacionais (TAE) da \u00e1rea de pedagogia: 10;<\/p>\n\n\n\n<p>\u00b7 t\u00e9cnico em comunica\u00e7\u00e3o social: 3.<\/p>\n\n\n\n<h2 class=\"wp-block-heading\">Provas<\/h2>\n\n\n\n<p>O concurso ser\u00e1 composto por provas objetivas e prova discursiva para avaliar os conhecimentos e habilidades dos candidatos. A&nbsp;<strong>aplica\u00e7\u00e3o delas est\u00e1 prevista para 29 de junho<\/strong>.<\/p>\n\n\n\n<p>Ao todo,&nbsp;<strong>ser\u00e3o 50 quest\u00f5es de conhecimentos b\u00e1sicos e 70 de conhecimentos espec\u00edficos<\/strong>, de car\u00e1ter eliminat\u00f3rio e classificat\u00f3rio, al\u00e9m da discursiva.&nbsp;<strong>Para n\u00edvel superior, as provas ser\u00e3o aplicadas no turno da manh\u00e3 e, para n\u00edvel m\u00e9dio, no turno da tarde.<\/strong><\/p>\n\n\n\n<p>No caso de&nbsp;<strong>candidatos com defici\u00eancia aprovados na prova discursiva, o certame ainda ter\u00e1 a etapa de avalia\u00e7\u00e3o biopsicossocial,<\/strong>&nbsp;promovida por equipe multiprofissional e interdisciplinar de responsabilidade do Cebraspe.<\/p>\n\n\n\n<p>J\u00e1 os&nbsp;<strong>candidatos autodeclarados negros, aprovados na prova discursiva, passar\u00e3o pelo procedimento de heteroidentifica\u00e7\u00e3o realizado por uma comiss\u00e3o composta por cinco integrantes.<\/strong><\/p>\n\n\n\n<h2 class=\"wp-block-heading\">Lota\u00e7\u00e3o<\/h2>\n\n\n\n<p>Os&nbsp;<strong>candidatos aprovados em todas as etapas do processo seletivo ser\u00e3o lotados em qualquer unidade da Pol\u00edcia Federal situada no estado correspondente \u00e0 localidade de vaga escolhida no momento da inscri\u00e7\u00e3o.<\/strong><\/p>\n\n\n\n<p>A&nbsp;<strong>localidade onde o candidato realizar\u00e1 a prova n\u00e3o influencia a defini\u00e7\u00e3o de sua lota\u00e7\u00e3o ap\u00f3s a aprova\u00e7\u00e3o<\/strong>, que ser\u00e1 definida conforme necessidade da administra\u00e7\u00e3o da PF.<\/p>\n\n\n\n<p>Daniella Almeida &#8211; Rep\u00f3rter da Ag\u00eancia Brasil<br>Foto: \u00a9 Marcelo Camargo\/Ag\u00eancia Brasil<br><\/p>\n","protected":false},"excerpt":{"rendered":"<p>As inscri\u00e7\u00f5es para o&nbsp;concurso p\u00fablico da Pol\u00edcia Federal (PF) est\u00e3o abertas e podem ser feitas<\/p>\n","protected":false},"author":2,"featured_media":103460,"comment_status":"open","ping_status":"open","sticky":false,"template":"","format":"standard","meta":{"footnotes":""},"categories":[17],"tags":[],"class_list":["post-103459","post","type-post","status-publish","format-standard","has-post-thumbnail","hentry","category-outras-noticias"],"_links":{"self":[{"href":"https:\/\/tvc16.com\/portal\/wp-json\/wp\/v2\/posts\/103459","targetHints":{"allow":["GET"]}}],"collection":[{"href":"https:\/\/tvc16.com\/portal\/wp-json\/wp\/v2\/posts"}],"about":[{"href":"https:\/\/tvc16.com\/portal\/wp-json\/wp\/v2\/types\/post"}],"author":[{"embeddable":true,"href":"https:\/\/tvc16.com\/portal\/wp-json\/wp\/v2\/users\/2"}],"replies":[{"embeddable":true,"href":"https:\/\/tvc16.com\/portal\/wp-json\/wp\/v2\/comments?post=103459"}],"version-history":[{"count":1,"href":"https:\/\/tvc16.com\/portal\/wp-json\/wp\/v2\/posts\/103459\/revisions"}],"predecessor-version":[{"id":103461,"href":"https:\/\/tvc16.com\/portal\/wp-json\/wp\/v2\/posts\/103459\/revisions\/103461"}],"wp:featuredmedia":[{"embeddable":true,"href":"https:\/\/tvc16.com\/portal\/wp-json\/wp\/v2\/media\/103460"}],"wp:attachment":[{"href":"https:\/\/tvc16.com\/portal\/wp-json\/wp\/v2\/media?parent=103459"}],"wp:term":[{"taxonomy":"category","embeddable":true,"href":"https:\/\/tvc16.com\/portal\/wp-json\/wp\/v2\/categories?post=103459"},{"taxonomy":"post_tag","embeddable":true,"href":"https:\/\/tvc16.com\/portal\/wp-json\/wp\/v2\/tags?post=103459"}],"curies":[{"name":"wp","href":"https:\/\/api.w.org\/{rel}","templated":true}]}}