{"id":103465,"date":"2025-05-03T05:00:00","date_gmt":"2025-05-03T08:00:00","guid":{"rendered":"https:\/\/tvc16.com\/portal\/?p=103465"},"modified":"2025-04-30T14:39:38","modified_gmt":"2025-04-30T17:39:38","slug":"contas-publicas-tem-superavit-de-r-36-bilhoes-em-marco","status":"publish","type":"post","link":"https:\/\/tvc16.com\/portal\/2025\/05\/03\/contas-publicas-tem-superavit-de-r-36-bilhoes-em-marco\/","title":{"rendered":"Contas p\u00fablicas t\u00eam super\u00e1vit de R$ 3,6 bilh\u00f5es em mar\u00e7o"},"content":{"rendered":"\n<p>O setor p\u00fablico consolidado \u2013 formado por Uni\u00e3o, Estados, munic\u00edpios e empresas estatais \u2013 registrou, um\u00a0<strong>super\u00e1vit prim\u00e1rio de R$ 3,6 bilh\u00f5es em mar\u00e7o de 2025,<\/strong>\u00a0segundo informou o Banco Central (BC), no dia 30 de abril. O\u00a0<strong>resultado representa uma melhora em rela\u00e7\u00e3o ao mesmo m\u00eas do ano passado, quando o resultado foi superavit\u00e1rio em R$ 1,2 bilh\u00e3o<\/strong>.<img decoding=\"async\" src=\"https:\/\/agenciabrasil.ebc.com.br\/ebc.png?id=1640993&amp;o=node\"><img decoding=\"async\" src=\"https:\/\/agenciabrasil.ebc.com.br\/ebc.gif?id=1640993&amp;o=node\"><\/p>\n\n\n\n<p>Segundo o BC, no m\u00eas de janeiro, o&nbsp;<strong>Governo Central<\/strong>&nbsp;&#8211; composto pelo Tesouro Nacional, Previd\u00eancia Social e Banco Central \u2013&nbsp;<strong>registrou super\u00e1vit de R$ 2,3 bilh\u00f5es, enquanto os governos regionais registraram super\u00e1vit de R$ 6,5 bilh\u00f5es.&nbsp;<\/strong><\/p>\n\n\n\n<p>Os dados divulgados pela autoridade monet\u00e1ria mostram ainda que&nbsp;<strong>as empresas estatais tamb\u00e9m tiveram um superavit em mar\u00e7o. O valor ficou em R$ 566 milh\u00f5es.<\/strong><\/p>\n\n\n\n<p>No acumulado de 12 meses, o<strong>&nbsp;d\u00e9ficit prim\u00e1rio do setor p\u00fablico foi R$ R$ 13,5 bilh\u00f5es, o equivalente a 0,38% do Produto Interno Bruto (PIB) &#8211; indicador relacionado com a atividade econ\u00f4mica de um lugar durante um determinado per\u00edodo<\/strong>&nbsp;. O resultado mostra uma queda no \u00edndice na compara\u00e7\u00e3o&nbsp;<strong>de mar\u00e7o com&nbsp; fevereiro, quando o valor deficit\u00e1rio ficou em R$ 15,9 bilh\u00f5es, correspondendo a 0,13% do PIB.<\/strong><\/p>\n\n\n\n<p>O BC disse ainda que&nbsp;<strong>os juros nominais do setor p\u00fablico consolidado somaram R$ 75,2 bilh\u00f5es em mar\u00e7o, ante os R$ 64,2 bilh\u00f5es registrados no mesmo m\u00eas do ano passado.<\/strong><\/p>\n\n\n\n<h2 class=\"wp-block-heading\">Juros nominais<\/h2>\n\n\n\n<p><strong>Em rela\u00e7\u00e3o ao acumulado em 12 meses, os juros nominais alcan\u00e7aram R$ 935,0 bilh\u00f5es, o que equivale a 7,8% do PIB, em mar\u00e7o deste ano.<\/strong>&nbsp;<\/p>\n\n\n\n<p>Com isso, o&nbsp;<strong>resultado nominal do setor p\u00fablico consolidado, que inclui o resultado prim\u00e1rio e os juros nominais apropriados, foi deficit\u00e1rio em R$ 71,6 bilh\u00f5es em mar\u00e7o.&nbsp;<\/strong><\/p>\n\n\n\n<blockquote class=\"wp-block-quote is-layout-flow wp-block-quote-is-layout-flow\">\n<p>&#8220;No acumulado em 12 meses, o d\u00e9ficit nominal alcan\u00e7ou R$ 948,5 bilh\u00f5es (7,92% do PIB), ante d\u00e9ficit nominal de R$939,8 bilh\u00f5es (7,91% do PIB) em fevereiro de 2025&#8221;, disse o BC.<\/p>\n<\/blockquote>\n\n\n\n<p><br>Em rela\u00e7\u00e3o \u00e0 D\u00edvida Bruta do Governo&nbsp;Geral (DBGG) \u2013 que compreende o governo federal, o INSS e os governos estaduais e municipais \u2013 o resultado atingiu 75,9% do PIB, ficando em R$ 9,1 trilh\u00f5es em mar\u00e7o, uma redu\u00e7\u00e3o de 0,2 ponto percentual (p.p.) do PIB em rela\u00e7\u00e3o ao m\u00eas anterior.<\/p>\n\n\n\n<p>A D\u00edvida L\u00edquida do Setor P\u00fablico (DLSP) atingiu 61,6% do PIB, ficando em R$ 7,4 trilh\u00f5es&nbsp;em mar\u00e7o. O&nbsp;<strong>resultado representa uma eleva\u00e7\u00e3o de 0,2 p.p. do PIB no m\u00eas.&nbsp;<\/strong><\/p>\n\n\n\n<blockquote class=\"wp-block-quote is-layout-flow wp-block-quote-is-layout-flow\">\n<p>&#8220;No ano, a DLSP elevou-se 0,1 p.p. do PIB, refletindo, em especial, os impactos dos juros nominais (+1,6 p.p.), do efeito da valoriza\u00e7\u00e3o cambial acumulada de 7,3% (+0,9 p.p.), do super\u00e1vit prim\u00e1rio do per\u00edodo (-0,7 p.p.), da varia\u00e7\u00e3o do PIB nominal (-1,2 p.p.) e dos demais ajustes da d\u00edvida externa l\u00edquida (-0,4 p.p.)&#8221;, disse o BC.<\/p>\n<\/blockquote>\n\n\n\n<p>Luciano Nascimento &#8211; Rep\u00f3rter da Ag\u00eancia Brasil<br>Foto: \u00a9 Rafa Neddermeyer\/Ag\u00eancia Brasil<br><\/p>\n","protected":false},"excerpt":{"rendered":"<p>O setor p\u00fablico consolidado \u2013 formado por Uni\u00e3o, Estados, munic\u00edpios e empresas estatais \u2013 registrou,<\/p>\n","protected":false},"author":2,"featured_media":103466,"comment_status":"open","ping_status":"open","sticky":false,"template":"","format":"standard","meta":{"footnotes":""},"categories":[17],"tags":[],"class_list":["post-103465","post","type-post","status-publish","format-standard","has-post-thumbnail","hentry","category-outras-noticias"],"_links":{"self":[{"href":"https:\/\/tvc16.com\/portal\/wp-json\/wp\/v2\/posts\/103465","targetHints":{"allow":["GET"]}}],"collection":[{"href":"https:\/\/tvc16.com\/portal\/wp-json\/wp\/v2\/posts"}],"about":[{"href":"https:\/\/tvc16.com\/portal\/wp-json\/wp\/v2\/types\/post"}],"author":[{"embeddable":true,"href":"https:\/\/tvc16.com\/portal\/wp-json\/wp\/v2\/users\/2"}],"replies":[{"embeddable":true,"href":"https:\/\/tvc16.com\/portal\/wp-json\/wp\/v2\/comments?post=103465"}],"version-history":[{"count":1,"href":"https:\/\/tvc16.com\/portal\/wp-json\/wp\/v2\/posts\/103465\/revisions"}],"predecessor-version":[{"id":103467,"href":"https:\/\/tvc16.com\/portal\/wp-json\/wp\/v2\/posts\/103465\/revisions\/103467"}],"wp:featuredmedia":[{"embeddable":true,"href":"https:\/\/tvc16.com\/portal\/wp-json\/wp\/v2\/media\/103466"}],"wp:attachment":[{"href":"https:\/\/tvc16.com\/portal\/wp-json\/wp\/v2\/media?parent=103465"}],"wp:term":[{"taxonomy":"category","embeddable":true,"href":"https:\/\/tvc16.com\/portal\/wp-json\/wp\/v2\/categories?post=103465"},{"taxonomy":"post_tag","embeddable":true,"href":"https:\/\/tvc16.com\/portal\/wp-json\/wp\/v2\/tags?post=103465"}],"curies":[{"name":"wp","href":"https:\/\/api.w.org\/{rel}","templated":true}]}}