{"id":103468,"date":"2025-04-30T14:43:33","date_gmt":"2025-04-30T17:43:33","guid":{"rendered":"https:\/\/tvc16.com\/portal\/?p=103468"},"modified":"2025-04-30T14:43:34","modified_gmt":"2025-04-30T17:43:34","slug":"feriado-do-dia-do-trabalhador-saiba-o-que-abre-e-fecha-durante-o-feriado-prolongado","status":"publish","type":"post","link":"https:\/\/tvc16.com\/portal\/2025\/04\/30\/feriado-do-dia-do-trabalhador-saiba-o-que-abre-e-fecha-durante-o-feriado-prolongado\/","title":{"rendered":"Feriado do Dia do Trabalhador: saiba o que abre e fecha durante o feriado prolongado"},"content":{"rendered":"\n<p>Nesta quinta-feira (01), \u00e9 celebrado o Dia do Trabalhador. Al\u00e9m de eventos que ir\u00e3o animar a cidade do Centro Hist\u00f3rico at\u00e9 Itaipava, Petr\u00f3polis \u00e9 procurada por muitos visitantes que buscam um lugar tranquilo para aproveitarem o feriado. A cidade conta com diversas atividades que estar\u00e3o dispon\u00edveis tanto para divers\u00e3o como servi\u00e7os de sa\u00fade, emerg\u00eancia e parques.<\/p>\n\n\n\n<p>Feriado<\/p>\n\n\n\n<p>Quinta-feira (1\u00ba) &#8211; Feriado Dia do Trabalhador<br>Sexta-feira (02) &#8211; Ponto Facultativo<\/p>\n\n\n\n<p>Emerg\u00eancia e Urg\u00eancia<\/p>\n\n\n\n<p>As unidades de urg\u00eancia e emerg\u00eancia &#8211; UPAs de Cascatinha, Centro e Itaipava, Hospital Alcides Carneiro (HAC), Hospital Municipal Nelson de S\u00e1 Earp (HMNSE), Pronto-Socorro do Alto da Serra e Servi\u00e7os de Pronto Atendimento (SPAs) de Pedro do Rio e Posse &#8211; funcionar\u00e3o normalmente.<\/p>\n\n\n\n<p>Reparti\u00e7\u00f5es P\u00fablicas<br>As reparti\u00e7\u00f5es p\u00fablicas do munic\u00edpio estar\u00e3o fechadas nos dias 1\u00ba e 2 de maio, assim como os postos de sa\u00fade e escolas da rede municipal.<\/p>\n\n\n\n<p>Confira abaixo o que abre e fecha durante todo o feriado.<\/p>\n\n\n\n<p>Parques<\/p>\n\n\n\n<p>Os parques municipais funcionar\u00e3o da seguinte forma:<br>\u2022\u2060 \u2060Parque Cremerie:<br>Quinta-feira (1\u00ba) e sexta-feira (2): das 8h \u00e0s 17h<br>\u2022\u2060 \u2060Parque Natural Municipal Padre Quinha, na Avenida Ipiranga:<br>Quinta-feira (1\u00ba) e sexta-feira (2): das 8h30 \u00e0s 17h<br>\u2022\u2060 \u2060Parque Municipal Prefeito Paulo Rattes, em Itaipava:<br>Quinta-feira (1\u00ba) e sexta-feira (2): a partir das 7h (funcionamento especial para execu\u00e7\u00e3o da Expo Petr\u00f3polis)<\/p>\n\n\n\n<p>Hortomercado Municipal<\/p>\n\n\n\n<p>\u2022\u2060 \u2060Horto Mercado Municipal (quinta-feira 1\u00ba e sexta-feira 02): das 8h \u00e0s 15h<\/p>\n\n\n\n<p>Turismo e Compras<\/p>\n\n\n\n<p>Os principais atrativos tur\u00edsticos funcionar\u00e3o da seguinte forma:<\/p>\n\n\n\n<p>Museu Casa de Santos Dumont:<br>(01 quinta-feira): fechado<br>(02 sexta-feira): das 10h \u00e0s 17h<\/p>\n\n\n\n<p>Museu Casa do Colono:<br>(01 quinta-feira): fechado<br>(02 sexta-feira): 9h \u00e0s 16h<\/p>\n\n\n\n<p>Pal\u00e1cio de Cristal:<br>(01 quinta-feira): das 9h \u00e0s 17h<br>(02 sexta-feira): das 9h \u00e0s 17h<\/p>\n\n\n\n<p>Museu Imperial:<br>(01 quinta-feira): fechado<br>(02 sexta-feira): das 10h \u00e0s 18h<\/p>\n\n\n\n<p>Catedral:<br>(01 quinta-feira): das 9h \u00e0s 16h<br>(02 sexta-feira): das 9h \u00e0s 16h<\/p>\n\n\n\n<p>Trono de F\u00e1tima:<br>(01 quinta-feira): das 9h \u00e0s 18h<br>(02 sexta-feira): das 9h \u00e0s 18h<\/p>\n\n\n\n<p>Centro de Cultura Raul de Leoni:<br>(01 quinta-feira): fechado<br>(02 sexta-feira): fechado<\/p>\n\n\n\n<p>J\u00e1 os polos de moda abrem da seguinte forma:<br>\u2022\u2060 \u2060No Bingen, as lojas abrem de forma facultativa<br>\u2022\u2060 \u2060Na Rua 16 de Mar\u00e7o e na Rua Teresa, as lojas abrem de forma facultativa no dia 1\u00ba, e no dia 2, as lojas abrem a partir das 9h<br>\u2022\u2060 \u2060Feirinha de Itaipava abre do dia 18 ao dia 27 das 10h \u00e0s 19h<\/p>\n\n\n\n<p>Para mais informa\u00e7\u00f5es tur\u00edsticas, consulte o Disque Turismo: de segunda a s\u00e1bado das 9h \u00e0s 17h \/ domingos e feriados das 9h \u00e0s 14h &#8211; 0800-450-7070 \/ WhatsApp (24) 2237-3321<\/p>\n\n\n\n<p>Foto: divulga\u00e7\u00e3o <\/p>\n","protected":false},"excerpt":{"rendered":"<p>Nesta quinta-feira (01), \u00e9 celebrado o Dia do Trabalhador. Al\u00e9m de eventos que ir\u00e3o animar<\/p>\n","protected":false},"author":2,"featured_media":96474,"comment_status":"open","ping_status":"open","sticky":false,"template":"","format":"standard","meta":{"footnotes":""},"categories":[12],"tags":[],"class_list":["post-103468","post","type-post","status-publish","format-standard","has-post-thumbnail","hentry","category-cidade"],"_links":{"self":[{"href":"https:\/\/tvc16.com\/portal\/wp-json\/wp\/v2\/posts\/103468","targetHints":{"allow":["GET"]}}],"collection":[{"href":"https:\/\/tvc16.com\/portal\/wp-json\/wp\/v2\/posts"}],"about":[{"href":"https:\/\/tvc16.com\/portal\/wp-json\/wp\/v2\/types\/post"}],"author":[{"embeddable":true,"href":"https:\/\/tvc16.com\/portal\/wp-json\/wp\/v2\/users\/2"}],"replies":[{"embeddable":true,"href":"https:\/\/tvc16.com\/portal\/wp-json\/wp\/v2\/comments?post=103468"}],"version-history":[{"count":1,"href":"https:\/\/tvc16.com\/portal\/wp-json\/wp\/v2\/posts\/103468\/revisions"}],"predecessor-version":[{"id":103469,"href":"https:\/\/tvc16.com\/portal\/wp-json\/wp\/v2\/posts\/103468\/revisions\/103469"}],"wp:featuredmedia":[{"embeddable":true,"href":"https:\/\/tvc16.com\/portal\/wp-json\/wp\/v2\/media\/96474"}],"wp:attachment":[{"href":"https:\/\/tvc16.com\/portal\/wp-json\/wp\/v2\/media?parent=103468"}],"wp:term":[{"taxonomy":"category","embeddable":true,"href":"https:\/\/tvc16.com\/portal\/wp-json\/wp\/v2\/categories?post=103468"},{"taxonomy":"post_tag","embeddable":true,"href":"https:\/\/tvc16.com\/portal\/wp-json\/wp\/v2\/tags?post=103468"}],"curies":[{"name":"wp","href":"https:\/\/api.w.org\/{rel}","templated":true}]}}