{"id":103470,"date":"2025-05-03T05:00:00","date_gmt":"2025-05-03T08:00:00","guid":{"rendered":"https:\/\/tvc16.com\/portal\/?p=103470"},"modified":"2025-04-30T14:47:46","modified_gmt":"2025-04-30T17:47:46","slug":"consignado-clt-contabiliza-r-89-bilhoes-emprestados-a-trabalhadores","status":"publish","type":"post","link":"https:\/\/tvc16.com\/portal\/2025\/05\/03\/consignado-clt-contabiliza-r-89-bilhoes-emprestados-a-trabalhadores\/","title":{"rendered":"Consignado CLT contabiliza R$ 8,9 bilh\u00f5es emprestados a trabalhadores"},"content":{"rendered":"\n<p><strong>Em pouco mais de 30 dias, o Programa Cr\u00e9dito do Trabalhador na Carteira Digital de Trabalho contabiliza R$ 8,9 bilh\u00f5es em recursos emprestados para quase 1,6 milh\u00e3o de trabalhadores.<\/strong><img decoding=\"async\" src=\"https:\/\/agenciabrasil.ebc.com.br\/ebc.png?id=1640985&amp;o=node\"><img decoding=\"async\" src=\"https:\/\/agenciabrasil.ebc.com.br\/ebc.gif?id=1640985&amp;o=node\"><\/p>\n\n\n\n<p>Na faixa de pessoas que recebem de um a dois sal\u00e1rios m\u00ednimos, contratou-se R$ 1,6 bilh\u00e3o; de dois a quatro sal\u00e1rios m\u00ednimos, R$ 2,7 bilh\u00f5es; de quatro a oito sal\u00e1rios m\u00ednimos, R$ 1,9 bilh\u00e3o; e, acima de oito sal\u00e1rios m\u00ednimos, R$ 2,5 bilh\u00f5es.<\/p>\n\n\n\n<p>O balan\u00e7o foi apresentado nesta quarta-feira (30), v\u00e9spera do Dia do Trabalhador, pelo ministro do Trabalho e Emprego, Luiz Marinho. Para ele, os n\u00fameros demonstram que o consignado est\u00e1 chegando no p\u00fablico inicialmente previsto e que necessitava do cr\u00e9dito.<\/p>\n\n\n\n<p>\u201cPara a trabalhadora dom\u00e9stica, para quem ganha um sal\u00e1rio m\u00ednimo, um sal\u00e1rio e meio, dois. [O programa] est\u00e1 indo bem, gra\u00e7as a Deus\u201d, afirmou Marinho, em entrevista a emissoras de r\u00e1dio durante o programa&nbsp;<strong>Bom Dia, Ministro,<\/strong>&nbsp;produzido pela&nbsp;<strong>Empresa Brasil de Comunica\u00e7\u00e3o (EBC<\/strong>).<\/p>\n\n\n\n<p><strong>O ministro lembrou que, at\u00e9 o \u00faltimo dia 25, o consignado s\u00f3 podia ser acessado pela plataforma do e-Social na carteira digital. \u201cAli, os bancos tinham que oferecer. A partir do dia 25, pode fazer direto da plataforma do banco\u201d.<\/strong><\/p>\n\n\n\n<p>\u201cMas eu sugiro dar uma passadinha na plataforma do e-Social, provocar l\u00e1 para que os bancos ofere\u00e7am tamb\u00e9m. Porque, quando voc\u00ea vai na plataforma do banco, voc\u00ea tem a oferta s\u00f3 daquele banco. Se voc\u00ea vai na plataforma do e-Social, voc\u00ea pode ter a oferta de todos os bancos\u201d, observou.<\/p>\n\n\n\n<h2 class=\"wp-block-heading\">Portabilidade de empr\u00e9stimos<\/h2>\n\n\n\n<p><strong>O ministro destacou ainda que &#8211; a partir do pr\u00f3ximo dia 6 &#8211; outra modalidade passa a ser disponibilizada dentro do programa: a portabilidade de empr\u00e9stimos. \u201cVoc\u00ea j\u00e1 tem o empr\u00e9stimo junto ao banco X e o banco Y vem e diz o seguinte: \u2018Voc\u00ea est\u00e1 pagando quanto a\u00ed? 3,4%? 3,8%? 3,7%? 3,1%? Eu te ofere\u00e7o uma taxa menor\u201d.<\/strong><\/p>\n\n\n\n<blockquote class=\"wp-block-quote is-layout-flow wp-block-quote-is-layout-flow\">\n<p>\u201cQuando esse banco oferece uma taxa menor, o trabalhador informa o seguinte ao banco com quem ele tem o empr\u00e9stimo: \u2018Estou interessado em fazer a portabilidade para o banco Y porque ele me ofereceu uma taxa menor que a sua\u2019. O banco X, original, pode cobrir a oferta do concorrente.\u201d<\/p>\n<\/blockquote>\n\n\n\n<p>\u201cOu seja, um verdadeiro leil\u00e3o para estabelecer uma taxa menor para o trabalhador. Mas o trabalhador tem que estar muito ligado e estar consciente que ele pode ser o protagonista de qual juro ir\u00e1 pagar\u201d, concluiu.<\/p>\n\n\n\n<p>Paula Laboissi\u00e8re \u2013 Rep\u00f3rter da Ag\u00eancia Brasil<br>Foto: \u00a9 Fabio Rodrigues-Pozzebom\/ Ag\u00eancia Brasil<br><\/p>\n","protected":false},"excerpt":{"rendered":"<p>Em pouco mais de 30 dias, o Programa Cr\u00e9dito do Trabalhador na Carteira Digital de<\/p>\n","protected":false},"author":2,"featured_media":103471,"comment_status":"open","ping_status":"open","sticky":false,"template":"","format":"standard","meta":{"footnotes":""},"categories":[17],"tags":[],"class_list":["post-103470","post","type-post","status-publish","format-standard","has-post-thumbnail","hentry","category-outras-noticias"],"_links":{"self":[{"href":"https:\/\/tvc16.com\/portal\/wp-json\/wp\/v2\/posts\/103470","targetHints":{"allow":["GET"]}}],"collection":[{"href":"https:\/\/tvc16.com\/portal\/wp-json\/wp\/v2\/posts"}],"about":[{"href":"https:\/\/tvc16.com\/portal\/wp-json\/wp\/v2\/types\/post"}],"author":[{"embeddable":true,"href":"https:\/\/tvc16.com\/portal\/wp-json\/wp\/v2\/users\/2"}],"replies":[{"embeddable":true,"href":"https:\/\/tvc16.com\/portal\/wp-json\/wp\/v2\/comments?post=103470"}],"version-history":[{"count":1,"href":"https:\/\/tvc16.com\/portal\/wp-json\/wp\/v2\/posts\/103470\/revisions"}],"predecessor-version":[{"id":103472,"href":"https:\/\/tvc16.com\/portal\/wp-json\/wp\/v2\/posts\/103470\/revisions\/103472"}],"wp:featuredmedia":[{"embeddable":true,"href":"https:\/\/tvc16.com\/portal\/wp-json\/wp\/v2\/media\/103471"}],"wp:attachment":[{"href":"https:\/\/tvc16.com\/portal\/wp-json\/wp\/v2\/media?parent=103470"}],"wp:term":[{"taxonomy":"category","embeddable":true,"href":"https:\/\/tvc16.com\/portal\/wp-json\/wp\/v2\/categories?post=103470"},{"taxonomy":"post_tag","embeddable":true,"href":"https:\/\/tvc16.com\/portal\/wp-json\/wp\/v2\/tags?post=103470"}],"curies":[{"name":"wp","href":"https:\/\/api.w.org\/{rel}","templated":true}]}}