{"id":103473,"date":"2025-05-03T05:00:00","date_gmt":"2025-05-03T08:00:00","guid":{"rendered":"https:\/\/tvc16.com\/portal\/?p=103473"},"modified":"2025-04-30T14:54:03","modified_gmt":"2025-04-30T17:54:03","slug":"instituto-abre-inscricoes-para-olimpiada-mirim-de-matematica","status":"publish","type":"post","link":"https:\/\/tvc16.com\/portal\/2025\/05\/03\/instituto-abre-inscricoes-para-olimpiada-mirim-de-matematica\/","title":{"rendered":"Instituto abre inscri\u00e7\u00f5es para olimp\u00edada mirim de matem\u00e1tica"},"content":{"rendered":"\n<p>Come\u00e7aram na \u00faltima quarta-feira (30) as inscri\u00e7\u00f5es para a 4\u00aa\u00a0Olimp\u00edada Mirim de Matem\u00e1tica das Escolas P\u00fablicas (Obmep), promovida pelo Instituto de Matem\u00e1tica Pura e Aplicada (Impa). A competi\u00e7\u00e3o \u00e9 voltada para alunos do 2\u00ba ao 5\u00ba ano do ensino fundamental de escolas p\u00fablicas e privadas. As inscri\u00e7\u00f5es devem ser feitas pelas institui\u00e7\u00f5es de ensino ou secretarias de Educa\u00e7\u00e3o at\u00e9\u00a0o dia\u00a010 de junho<img decoding=\"async\" src=\"https:\/\/agenciabrasil.ebc.com.br\/ebc.png?id=1640676&amp;o=node\"><img decoding=\"async\" src=\"https:\/\/agenciabrasil.ebc.com.br\/ebc.gif?id=1640676&amp;o=node\"><\/p>\n\n\n\n<p><strong>Quase 11 milh\u00f5es de alunos j\u00e1 participaram das tr\u00eas edi\u00e7\u00f5es da competi\u00e7\u00e3o cient\u00edfica, da qual tamb\u00e9m podem participar professores de todo o pa\u00eds.<\/strong><\/p>\n\n\n\n<blockquote class=\"wp-block-quote is-layout-flow wp-block-quote-is-layout-flow\">\n<p>\u201cA&nbsp;Olimp\u00edada Mirim est\u00e1 voltada tanto para as crian\u00e7as dos anos iniciais quanto para seus professores, visando levar a matem\u00e1tica para dentro da sala de aula numa perspectiva l\u00fadica e instigante\u201d, diz&nbsp;o&nbsp;diretor-geral do Impa, Marcelo Viana,<\/p>\n<\/blockquote>\n\n\n\n<p>Realizada em duas fases, as provas da Olimp\u00edada Mirim s\u00e3o aplicadas pelas escolas. A 1\u00aa etapa ocorre em 26 de agosto e consiste em uma prova classificat\u00f3ria composta de 15 quest\u00f5es objetivas (m\u00faltipla escolha). Estudantes classificados nessa etapa poder\u00e3o participar da 2\u00aa fase, em 11 de novembro. A prova tamb\u00e9m \u00e9 composta de 15 quest\u00f5es objetivas. O conte\u00fado cobrado no exame corresponde ao grau de escolaridade dos alunos, divididos nos n\u00edveis mirim 1 (2\u00ba e 3\u00ba anos do ensino fundamental) e mirim 2 (4\u00ba e 5\u00ba anos do ensino fundamental).<\/p>\n\n\n\n<p><strong>A Olimp\u00edada Mirim vai disponibilizar certificados digitais correspondentes a medalhas de ouro, prata e bronze para celebrar o desempenho dos alunos.<\/strong><\/p>\n\n\n\n<blockquote class=\"wp-block-quote is-layout-flow wp-block-quote-is-layout-flow\">\n<p>\u201cA iniciativa tem se consolidado como importante est\u00edmulo ao racioc\u00ednio l\u00f3gico e matem\u00e1tico entre alunos do 2\u00ba ao 5\u00ba ano do ensino fundamental.&nbsp;Esperamos uma participa\u00e7\u00e3o expressiva de escolas p\u00fablicas e privadas de todo pa\u00eds em mais esta edi\u00e7\u00e3o\u201d, afirma&nbsp;o diretor adjunto e gerente de olimp\u00edadas do Impa, Jorge Vit\u00f3rio Pereira.<\/p>\n<\/blockquote>\n\n\n\n<h2 class=\"wp-block-heading\">Inscri\u00e7\u00f5es<\/h2>\n\n\n\n<p>Para se inscrever, \u00e9 necess\u00e1rio acessar o&nbsp;<em>site<\/em>&nbsp;<a href=\"https:\/\/olimpiadamirim.obmep.org.br\/\" target=\"_blank\" rel=\"noreferrer noopener\">olimpiadamirim.obmep.org.br<\/a>&nbsp;e utilizar o c\u00f3digo MEC\/Inep&nbsp;para cadastrar uma senha. O acesso \u00e0 \u00e1rea restrita ser\u00e1 feito a partir do&nbsp;<em>login<\/em>&nbsp;(c\u00f3digo MEC\/INEP) e senha criada no ato de inscri\u00e7\u00e3o. As inscri\u00e7\u00f5es devem ser feitas exclusivamente pelas escolas p\u00fablicas municipais, estaduais, federais, secretarias de Educa\u00e7\u00e3o e pelas unidades privadas.<\/p>\n\n\n\n<p><strong>A inscri\u00e7\u00e3o das escolas p\u00fablicas \u00e9 gratuita e a das escolas privadas est\u00e1 vinculada ao pagamento, dentro do prazo, da taxa de inscri\u00e7\u00e3o<\/strong>. Na inscri\u00e7\u00e3o, o respons\u00e1vel pela candidatura deve informar o n\u00famero total de alunos participantes por n\u00edvel. N\u00e3o \u00e9 necess\u00e1rio fazer a inscri\u00e7\u00e3o nominal de cada estudante.<\/p>\n\n\n\n<p>Douglas Corr\u00eaa &#8211; Rep\u00f3rter da Ag\u00eancia Brasil<br>Foto: \u00a9 Tomaz Silva\/Ag\u00eancia Brasil<br><\/p>\n","protected":false},"excerpt":{"rendered":"<p>Come\u00e7aram na \u00faltima quarta-feira (30) as inscri\u00e7\u00f5es para a 4\u00aa\u00a0Olimp\u00edada Mirim de Matem\u00e1tica das Escolas<\/p>\n","protected":false},"author":2,"featured_media":103474,"comment_status":"open","ping_status":"open","sticky":false,"template":"","format":"standard","meta":{"footnotes":""},"categories":[17],"tags":[],"class_list":["post-103473","post","type-post","status-publish","format-standard","has-post-thumbnail","hentry","category-outras-noticias"],"_links":{"self":[{"href":"https:\/\/tvc16.com\/portal\/wp-json\/wp\/v2\/posts\/103473","targetHints":{"allow":["GET"]}}],"collection":[{"href":"https:\/\/tvc16.com\/portal\/wp-json\/wp\/v2\/posts"}],"about":[{"href":"https:\/\/tvc16.com\/portal\/wp-json\/wp\/v2\/types\/post"}],"author":[{"embeddable":true,"href":"https:\/\/tvc16.com\/portal\/wp-json\/wp\/v2\/users\/2"}],"replies":[{"embeddable":true,"href":"https:\/\/tvc16.com\/portal\/wp-json\/wp\/v2\/comments?post=103473"}],"version-history":[{"count":1,"href":"https:\/\/tvc16.com\/portal\/wp-json\/wp\/v2\/posts\/103473\/revisions"}],"predecessor-version":[{"id":103475,"href":"https:\/\/tvc16.com\/portal\/wp-json\/wp\/v2\/posts\/103473\/revisions\/103475"}],"wp:featuredmedia":[{"embeddable":true,"href":"https:\/\/tvc16.com\/portal\/wp-json\/wp\/v2\/media\/103474"}],"wp:attachment":[{"href":"https:\/\/tvc16.com\/portal\/wp-json\/wp\/v2\/media?parent=103473"}],"wp:term":[{"taxonomy":"category","embeddable":true,"href":"https:\/\/tvc16.com\/portal\/wp-json\/wp\/v2\/categories?post=103473"},{"taxonomy":"post_tag","embeddable":true,"href":"https:\/\/tvc16.com\/portal\/wp-json\/wp\/v2\/tags?post=103473"}],"curies":[{"name":"wp","href":"https:\/\/api.w.org\/{rel}","templated":true}]}}