{"id":103476,"date":"2025-05-03T05:00:00","date_gmt":"2025-05-03T08:00:00","guid":{"rendered":"https:\/\/tvc16.com\/portal\/?p=103476"},"modified":"2025-04-30T14:56:41","modified_gmt":"2025-04-30T17:56:41","slug":"dia-das-maes-comemoracao-com-programacao-especial-na-feira-da-16","status":"publish","type":"post","link":"https:\/\/tvc16.com\/portal\/2025\/05\/03\/dia-das-maes-comemoracao-com-programacao-especial-na-feira-da-16\/","title":{"rendered":"Dia das M\u00e3es:\u00a0comemora\u00e7\u00e3o\u00a0com programa\u00e7\u00e3o especial na Feira da 16"},"content":{"rendered":"\n<p><em>Minha M\u00e3e \u00e9 16 contar\u00e1 com os destaques da moda, gastronomia, cultura, m\u00fasica e divers\u00e3o<\/em><\/p>\n\n\n\n<p>Uma das datas mais esperadas est\u00e1 chegando: o Dia das M\u00e3es. A celebra\u00e7\u00e3o, sempre no segundo domingo do m\u00eas de maio, ganhar\u00e1 uma programa\u00e7\u00e3o especial na pr\u00f3xima Feira da 16, no domingo, 4 de maio. Uma \u00f3tima oportunidade para garantir o presente e ainda aproveitar as novidades da moda, comidinhas, chopp artesanal, feira de produtos org\u00e2nicos e de ado\u00e7\u00e3o de c\u00e3es e bazar, m\u00fasica e conta\u00e7\u00e3o de hist\u00f3ria. A iniciativa \u00e9 do Polo de Experi\u00eancias da Rua 16 de Mar\u00e7o e Adjac\u00eancias e a programa\u00e7\u00e3o gratuita ocorre das 10h \u00e0s 17h.<\/p>\n\n\n\n<p>\u201cA ideia \u00e9 proporcionar uma experi\u00eancia de compras incr\u00edvel em um ambiente familiar, seguro e acolhedor, mostrando todas as novidades das lojas e, ainda, homenagear as m\u00e3es, essas pessoas t\u00e3o especiais que s\u00e3o s\u00f3 amor e merecem todo o nosso reconhecimento\u201d, afirma Heitor Carneiro, empres\u00e1rio integrante do Polo de Experi\u00eancias da Rua 16 de Mar\u00e7o e Adjac\u00eancias.<\/p>\n\n\n\n<p>A programa\u00e7\u00e3o destaca, ainda, a participa\u00e7\u00e3o do Incluir Petr\u00f3polis, que vai disponibilizar Scooter El\u00e9trica para PCDs gratuitamente e a Conta\u00e7\u00e3o de Hist\u00f3ria e Oficina Criativa &#8220;Borboletas e Flores do Amor&#8221;, com o Palha\u00e7o Salxicha, para crian\u00e7as de 03 a 12 anos. Para os adoradores da boa m\u00fasica, apresenta\u00e7\u00f5es de MPB, Pop Rock, Blues e cl\u00e1ssicos internacionais.<\/p>\n\n\n\n<p>\u201cMais uma Feira da 16 e mais uma oportunidade de conferir o melhor da moda e cultura em um dos pontos mais visitados do Centro Hist\u00f3rico. Visitem a feira, prestigiem nossas marcas locais e o talento dos artistas petropolitanos. Ser\u00e1 um dia lindo para celebrarmos essa data t\u00e3o importante para as fam\u00edlias e para o com\u00e9rcio\u201d, explica Evany Noel, Turism\u00f3loga e co-gestora do Polo.<\/p>\n\n\n\n<p>Confira a programa\u00e7\u00e3o completa:<\/p>\n\n\n\n<p><strong>Feira da 16 &#8211; Minha M\u00e3e \u00e9 16<\/strong><\/p>\n\n\n\n<p><em>10h \u00e0s 17h:<\/em><\/p>\n\n\n\n<p>Comidinhas e chope artesanal<\/p>\n\n\n\n<p>Feira de Produtos Org\u00e2nicos&nbsp;<\/p>\n\n\n\n<p>Incluir Petr\u00f3polis &#8211; disponibiliza Scooter El\u00e9trica para PCDs gratuitamente&nbsp;<\/p>\n\n\n\n<p>Feira de Ado\u00e7\u00e3o de c\u00e3es e Bazar &#8211; Dog&#8217;s Heaven<\/p>\n\n\n\n<p><em>12h<\/em><\/p>\n\n\n\n<p>Hora do Conto em homenagem \u00e0s M\u00e3es &#8211; Livraria Nobel<\/p>\n\n\n\n<p><em>10h \u00e0s 13h<\/em><\/p>\n\n\n\n<p>Rafa Rodrigues&nbsp; &amp; Vicktor Correa &#8211; Pop Rock, MPB<\/p>\n\n\n\n<p><em>11h \u00e0s 13h e das 14h30 \u00e0s 16h30<\/em><\/p>\n\n\n\n<p>Conta\u00e7\u00e3o de Hist\u00f3ria e&nbsp; Oficina Criativa &#8220;Borboletas e Flores do Amor&#8221;&nbsp; &#8211; Palha\u00e7o Salxicha (para crian\u00e7as de 03 a 12 anos)<\/p>\n\n\n\n<p><em>11h \u00e0s 14h<\/em><\/p>\n\n\n\n<p>Perlla Cortazzo &#8211; Rock, Blues e MPB<\/p>\n\n\n\n<p><em>11h \u00e0s 14h<\/em><\/p>\n\n\n\n<p>Rusnei Serra convida Marcelo Werneck &#8211; Rock, MPB e Cl\u00e1ssicos Internacionais&nbsp;<\/p>\n\n\n\n<p><em>14h \u00e0s 17h<\/em><\/p>\n\n\n\n<p>A Trilha &#8211; MPB, Pop Rock e Reggae<\/p>\n\n\n\n<p><em>14h \u00e0s 17h<\/em><\/p>\n\n\n\n<p>Melissa Maluly &amp; William Belle &#8211;&nbsp; MPB<\/p>\n\n\n\n<p><em>14h \u00e0s 17h<\/em><\/p>\n\n\n\n<p>Vinil Sessions &#8211; Clube do Vinil de Petr\u00f3polis&nbsp; &#8211; Disco,&nbsp; Rock, Dance Music dos anos 70, 80 e 90.<\/p>\n\n\n\n<p><strong>O amor est\u00e1 no ar<\/strong><\/p>\n\n\n\n<p>Ainda no domingo (04) os visitantes tamb\u00e9m poder\u00e3o conferir a nova decora\u00e7\u00e3o: \u201c16 \u00e9 Amor\u201d,&nbsp; que promete encantar os casais at\u00e9 o Dia dos Namorados. A dica \u00e9 aproveitar a decora\u00e7\u00e3o para tirar fotos especiais!<\/p>\n\n\n\n<p>foto: divulga\u00e7\u00e3o <\/p>\n","protected":false},"excerpt":{"rendered":"<p>Minha M\u00e3e \u00e9 16 contar\u00e1 com os destaques da moda, gastronomia, cultura, m\u00fasica e divers\u00e3o<\/p>\n","protected":false},"author":2,"featured_media":94144,"comment_status":"open","ping_status":"open","sticky":false,"template":"","format":"standard","meta":{"footnotes":""},"categories":[12],"tags":[],"class_list":["post-103476","post","type-post","status-publish","format-standard","has-post-thumbnail","hentry","category-cidade"],"_links":{"self":[{"href":"https:\/\/tvc16.com\/portal\/wp-json\/wp\/v2\/posts\/103476","targetHints":{"allow":["GET"]}}],"collection":[{"href":"https:\/\/tvc16.com\/portal\/wp-json\/wp\/v2\/posts"}],"about":[{"href":"https:\/\/tvc16.com\/portal\/wp-json\/wp\/v2\/types\/post"}],"author":[{"embeddable":true,"href":"https:\/\/tvc16.com\/portal\/wp-json\/wp\/v2\/users\/2"}],"replies":[{"embeddable":true,"href":"https:\/\/tvc16.com\/portal\/wp-json\/wp\/v2\/comments?post=103476"}],"version-history":[{"count":1,"href":"https:\/\/tvc16.com\/portal\/wp-json\/wp\/v2\/posts\/103476\/revisions"}],"predecessor-version":[{"id":103477,"href":"https:\/\/tvc16.com\/portal\/wp-json\/wp\/v2\/posts\/103476\/revisions\/103477"}],"wp:featuredmedia":[{"embeddable":true,"href":"https:\/\/tvc16.com\/portal\/wp-json\/wp\/v2\/media\/94144"}],"wp:attachment":[{"href":"https:\/\/tvc16.com\/portal\/wp-json\/wp\/v2\/media?parent=103476"}],"wp:term":[{"taxonomy":"category","embeddable":true,"href":"https:\/\/tvc16.com\/portal\/wp-json\/wp\/v2\/categories?post=103476"},{"taxonomy":"post_tag","embeddable":true,"href":"https:\/\/tvc16.com\/portal\/wp-json\/wp\/v2\/tags?post=103476"}],"curies":[{"name":"wp","href":"https:\/\/api.w.org\/{rel}","templated":true}]}}