{"id":103494,"date":"2025-05-03T05:00:00","date_gmt":"2025-05-03T08:00:00","guid":{"rendered":"https:\/\/tvc16.com\/portal\/?p=103494"},"modified":"2025-04-30T17:46:10","modified_gmt":"2025-04-30T20:46:10","slug":"brasil-registrou-715-mil-postos-formais-de-trabalho-em-marco","status":"publish","type":"post","link":"https:\/\/tvc16.com\/portal\/2025\/05\/03\/brasil-registrou-715-mil-postos-formais-de-trabalho-em-marco\/","title":{"rendered":"Brasil registrou 71,5 mil postos formais de trabalho em mar\u00e7o"},"content":{"rendered":"\n<p><strong>O Brasil encerrou o m\u00eas de mar\u00e7o com saldo positivo de 71.576 empregos com carteira assinada<\/strong>. O balan\u00e7o \u00e9 do Novo Cadastro Geral de Empregados e Desempregados (Novo Caged), divulgado na \u00faltima quarta-feira (30) pelo Minist\u00e9rio do Trabalho e Emprego.<img decoding=\"async\" src=\"https:\/\/agenciabrasil.ebc.com.br\/ebc.png?id=1641117&amp;o=node\"><img decoding=\"async\" src=\"https:\/\/agenciabrasil.ebc.com.br\/ebc.gif?id=1641117&amp;o=node\"><\/p>\n\n\n\n<p><strong>O resultado decorreu de 2.234.662 admiss\u00f5es e de 2.163.086 desligamentos.<\/strong><\/p>\n\n\n\n<p>Em mar\u00e7o do ano passado,&nbsp;<a href=\"https:\/\/agenciabrasil.ebc.com.br\/economia\/noticia\/2024-04\/brasil-registra-mais-de-244-mil-empregos-formais-em-marco\" target=\"_blank\" rel=\"noreferrer noopener\">o saldo positivo foi de 244.315 empregos<\/a>. Segundo o ministro do Trabalho e Emprego, Luiz Marinho, a diferen\u00e7a pode ser explicada pelo fato de o carnaval deste ano ter ca\u00eddo em mar\u00e7o, em vez de ser em fevereiro, como normalmente ocorre.<\/p>\n\n\n\n<p><strong>No acumulado do ano (janeiro\/2025 a mar\u00e7o\/2025), o saldo foi de 654.503 empregos, resultado de 7.138.587 admiss\u00f5es e 6.484.084 desligamentos.<\/strong><\/p>\n\n\n\n<p>Segundo Marinho, os resultados do Caged de mar\u00e7o s\u00e3o uma sinaliza\u00e7\u00e3o para a possibilidade de redu\u00e7\u00e3o da taxa de juros no pa\u00eds. Atualmente, a Selic,&nbsp;juros b\u00e1sicos da economia,&nbsp;<a href=\"https:\/\/agenciabrasil.ebc.com.br\/economia\/noticia\/2025-03\/copom-eleva-juros-basicos-da-economia-para-1425-ao-ano\" target=\"_blank\" rel=\"noreferrer noopener\">est\u00e1 em 14,25% ao ano.<\/a>&nbsp;A pr\u00f3xima reuni\u00e3o do Comit\u00ea de Pol\u00edtica Monet\u00e1ria (Copom) do Banco Central (BC) ser\u00e1 na semana que vem.<\/p>\n\n\n\n<p>\u201cDe repente isso deixa o povo do Banco Central feliz, quem sabe eles possam com isso tirar o p\u00e9 do freio da conten\u00e7\u00e3o e liberar a economia para funcionar melhor. Est\u00e1 na hora de falar em parar de aumentar a taxa Selic e falar em reduzir a taxa Selic. Essa \u00e9 a mensagem do mercado de trabalho\u201d, disse.<\/p>\n\n\n\n<h2 class=\"wp-block-heading\">Setores<\/h2>\n\n\n\n<p><strong>Tr\u00eas dos cinco grandes grupamentos de atividades registraram saldos positivos em mar\u00e7o e dois apresentaram&nbsp;saldo negativo:<\/strong><\/p>\n\n\n\n<ul class=\"wp-block-list\">\n<li>Servi\u00e7os (+52.459 postos)<\/li>\n\n\n\n<li>Constru\u00e7\u00e3o (+21.946 postos)<\/li>\n\n\n\n<li>Ind\u00fastria (+13.131 postos)<\/li>\n\n\n\n<li>Com\u00e9rcio (-10.310 postos)<\/li>\n\n\n\n<li>Agropecu\u00e1ria (-5.644 postos)<\/li>\n<\/ul>\n\n\n\n<h2 class=\"wp-block-heading\">Regi\u00f5es<\/h2>\n\n\n\n<p><strong>No m\u00eas passado, quatro das cinco regi\u00f5es brasileiras apresentaram saldos positivos e uma saldo teve negativo:<\/strong><\/p>\n\n\n\n<ul class=\"wp-block-list\">\n<li>Sudeste (+48.086 postos)<\/li>\n\n\n\n<li>Sul (+24.533 postos)<\/li>\n\n\n\n<li>Centro-Oeste (+6.962 postos)<\/li>\n\n\n\n<li>Norte (+5.170 postos)<\/li>\n\n\n\n<li>Nordeste (-13.199 postos)<\/li>\n<\/ul>\n\n\n\n<p>Das 27 unidades da Federa\u00e7\u00e3o, 19 registraram saldos positivos.<\/p>\n\n\n\n<h2 class=\"wp-block-heading\">Perfil<\/h2>\n\n\n\n<p><strong>Entre os postos de trabalho gerados em mar\u00e7o, 48.922 foram para as mulheres e 22.654 para os homens<\/strong>. A faixa et\u00e1ria com maior saldo positivo foi de 18 anos a 24 anos, com 77.902 postos.<\/p>\n\n\n\n<h2 class=\"wp-block-heading\">Desocupa\u00e7\u00e3o<\/h2>\n\n\n\n<p>Na manh\u00e3 de hoje, o Instituto Brasileiro de Geografia e Estat\u00edstica (IBGE)&nbsp;<a href=\"http:\/\/https\/\/agenciabrasil.ebc.com.br\/economia\/noticia\/2025-04\/desemprego-de-7-no-1o-trimestre-e-o-menor-ja-registrado-desde-2012\" target=\"_blank\" rel=\"noreferrer noopener\">divulgou dados da Pesquisa Nacional por Amostra de Domic\u00edlios (Pnad) Cont\u00ednua<\/a>, que mostram que o Brasil fechou o primeiro trimestre de 2025 com taxa de desocupa\u00e7\u00e3o de 7%. Esse patamar fica acima do registrado no trimestre anterior, encerrado em dezembro (6,2%), no entanto, \u00e9 o menor para os meses de janeiro a mar\u00e7o em toda a s\u00e9rie hist\u00f3rica.<\/p>\n\n\n\n<p>Ag\u00eancia Brasil<br>Foto: \u00a9 Valter Campanato\/Ag\u00eancia Brasil<br><\/p>\n","protected":false},"excerpt":{"rendered":"<p>O Brasil encerrou o m\u00eas de mar\u00e7o com saldo positivo de 71.576 empregos com carteira<\/p>\n","protected":false},"author":2,"featured_media":103495,"comment_status":"open","ping_status":"open","sticky":false,"template":"","format":"standard","meta":{"footnotes":""},"categories":[17],"tags":[],"class_list":["post-103494","post","type-post","status-publish","format-standard","has-post-thumbnail","hentry","category-outras-noticias"],"_links":{"self":[{"href":"https:\/\/tvc16.com\/portal\/wp-json\/wp\/v2\/posts\/103494","targetHints":{"allow":["GET"]}}],"collection":[{"href":"https:\/\/tvc16.com\/portal\/wp-json\/wp\/v2\/posts"}],"about":[{"href":"https:\/\/tvc16.com\/portal\/wp-json\/wp\/v2\/types\/post"}],"author":[{"embeddable":true,"href":"https:\/\/tvc16.com\/portal\/wp-json\/wp\/v2\/users\/2"}],"replies":[{"embeddable":true,"href":"https:\/\/tvc16.com\/portal\/wp-json\/wp\/v2\/comments?post=103494"}],"version-history":[{"count":2,"href":"https:\/\/tvc16.com\/portal\/wp-json\/wp\/v2\/posts\/103494\/revisions"}],"predecessor-version":[{"id":103497,"href":"https:\/\/tvc16.com\/portal\/wp-json\/wp\/v2\/posts\/103494\/revisions\/103497"}],"wp:featuredmedia":[{"embeddable":true,"href":"https:\/\/tvc16.com\/portal\/wp-json\/wp\/v2\/media\/103495"}],"wp:attachment":[{"href":"https:\/\/tvc16.com\/portal\/wp-json\/wp\/v2\/media?parent=103494"}],"wp:term":[{"taxonomy":"category","embeddable":true,"href":"https:\/\/tvc16.com\/portal\/wp-json\/wp\/v2\/categories?post=103494"},{"taxonomy":"post_tag","embeddable":true,"href":"https:\/\/tvc16.com\/portal\/wp-json\/wp\/v2\/tags?post=103494"}],"curies":[{"name":"wp","href":"https:\/\/api.w.org\/{rel}","templated":true}]}}